{"id":64769,"date":"2025-06-22T16:17:31","date_gmt":"2025-06-22T16:17:31","guid":{"rendered":"https:\/\/lahora.mx\/?p=64769"},"modified":"2025-07-08T16:19:52","modified_gmt":"2025-07-08T16:19:52","slug":"abre-congreso-analisis-y-reflexion-sobre-propuestas-para-impulsar-consumo-local","status":"publish","type":"post","link":"https:\/\/lahora.mx\/index.php\/2025\/06\/22\/abre-congreso-analisis-y-reflexion-sobre-propuestas-para-impulsar-consumo-local\/","title":{"rendered":"Abre Congreso an\u00e1lisis y reflexi\u00f3n sobre propuestas para impulsar consumo local"},"content":{"rendered":"\n<p>El Congreso del Estado abri\u00f3 un espacio de di\u00e1logo para el an\u00e1lisis y reflexi\u00f3n de propuestas para impulsar el consumo local, as\u00ed como el crecimiento de las Micro, Peque\u00f1as y Medianas Empresas (Mipymes), esto, durante el foro denominado \u201cKil\u00f3metro Cero\u201d.&nbsp;<\/p>\n\n\n\n<p>A lo largo el encuentro, promovido por la diputada Ana Laura G\u00f3mez Ram\u00edrez, participaron miembros del sector acad\u00e9mico, empresarial y gubernamental, a fin de intercambiar ideas e integrar las propuestas y aportaciones a una iniciativa que pr\u00f3ximamente presentar\u00e1 la legisladora.&nbsp;<\/p>\n\n\n\n<p>En su mensaje, la diputada presidenta de la Junta de Gobierno y Coordinaci\u00f3n Pol\u00edtica del Congreso, Laura Artemisa Garc\u00eda Ch\u00e1vez destac\u00f3 el trabajo de su compa\u00f1era Ana Laura G\u00f3mez para socializar su propuesta, as\u00ed como analizar con dependencias, instituciones acad\u00e9micas y cl\u00fasteres la aplicaci\u00f3n y operatividad de la iniciativa. &nbsp;<\/p>\n\n\n\n<p>Por su parte, la diputada Ana Laura G\u00f3mez expuso que el principal objetivo de la iniciativa es establecer redes regionales de abastecimiento que beneficiar\u00edan, principalmente, a las Mipymes, as\u00ed como dotar de asistencia permanente a estas unidades econ\u00f3micas y fortalecer la cadena de suministro local.&nbsp;<\/p>\n\n\n\n<p>\u201cKil\u00f3metro Cero es un t\u00e9rmino que hace alusi\u00f3n a un modelo econ\u00f3mico y social que promueve el consumo de productos y servicios generados localmente, es decir, lo m\u00e1s cerca posible del lugar donde ser\u00e1n utilizados. Y es gracias a este modelo que se reduce la distancia entre el producto y el consumidor\u201d, indic\u00f3.&nbsp;<\/p>\n\n\n\n<p>Para enriquecer el espacio de di\u00e1logo, particip\u00f3 el doctor Jorge Medina Delgadillo, vicerrector de Investigaci\u00f3n de la Universidad Popular Aut\u00f3noma del Estado de Puebla (UPAEP) con una ponencia relacionada con la importancia de transitar hacia una econom\u00eda de proximidad.&nbsp;<\/p>\n\n\n\n<p>Adem\u00e1s, acudi\u00f3 la titular de la Secretar\u00eda de Ciencias, Humanidades, Tecnolog\u00eda e Innovaci\u00f3n, Celina Pe\u00f1a Guzm\u00e1n; M\u00f3nica Barrientos S\u00e1nchez, subsecretaria de Industria y Comercio; el coordinador General del Corredor Econ\u00f3mico del Bienestar del Centro &#8211; Golfo de M\u00e9xico, Juan Carlos Natale; la s\u00edndica municipal del Ayuntamiento de Puebla, M\u00f3nica Silva Ru\u00edz;&nbsp;as\u00ed como las diputadas Mar\u00eda Soledad Amieva Zamora y Norma Estela Pimentel y el diputado Roberto Zatar\u00e1in Leal.&nbsp;<\/p>\n","protected":false},"excerpt":{"rendered":"<p>El Congreso del Estado abri\u00f3 un espacio de di\u00e1logo para el an\u00e1lisis y reflexi\u00f3n de propuestas para impulsar el consumo local, as\u00ed como el crecimiento de las Micro, Peque\u00f1as y Medianas Empresas (Mipymes), esto, durante el foro denominado \u201cKil\u00f3metro Cero\u201d.&nbsp; A lo largo el encuentro, promovido por la diputada Ana Laura G\u00f3mez Ram\u00edrez, participaron miembros [&hellip;]<\/p>\n","protected":false},"author":4,"featured_media":64770,"comment_status":"open","ping_status":"open","sticky":false,"template":"","format":"standard","meta":{"om_disable_all_campaigns":false,"_monsterinsights_skip_tracking":false,"_monsterinsights_sitenote_active":false,"_monsterinsights_sitenote_note":"","_monsterinsights_sitenote_category":0,"footnotes":""},"categories":[175],"tags":[227,223],"class_list":["post-64769","post","type-post","status-publish","format-standard","has-post-thumbnail","hentry","category-local","tag-congreso","tag-puebla"],"amp_enabled":true,"_links":{"self":[{"href":"https:\/\/lahora.mx\/index.php\/wp-json\/wp\/v2\/posts\/64769","targetHints":{"allow":["GET"]}}],"collection":[{"href":"https:\/\/lahora.mx\/index.php\/wp-json\/wp\/v2\/posts"}],"about":[{"href":"https:\/\/lahora.mx\/index.php\/wp-json\/wp\/v2\/types\/post"}],"author":[{"embeddable":true,"href":"https:\/\/lahora.mx\/index.php\/wp-json\/wp\/v2\/users\/4"}],"replies":[{"embeddable":true,"href":"https:\/\/lahora.mx\/index.php\/wp-json\/wp\/v2\/comments?post=64769"}],"version-history":[{"count":1,"href":"https:\/\/lahora.mx\/index.php\/wp-json\/wp\/v2\/posts\/64769\/revisions"}],"predecessor-version":[{"id":64772,"href":"https:\/\/lahora.mx\/index.php\/wp-json\/wp\/v2\/posts\/64769\/revisions\/64772"}],"wp:featuredmedia":[{"embeddable":true,"href":"https:\/\/lahora.mx\/index.php\/wp-json\/wp\/v2\/media\/64770"}],"wp:attachment":[{"href":"https:\/\/lahora.mx\/index.php\/wp-json\/wp\/v2\/media?parent=64769"}],"wp:term":[{"taxonomy":"category","embeddable":true,"href":"https:\/\/lahora.mx\/index.php\/wp-json\/wp\/v2\/categories?post=64769"},{"taxonomy":"post_tag","embeddable":true,"href":"https:\/\/lahora.mx\/index.php\/wp-json\/wp\/v2\/tags?post=64769"}],"curies":[{"name":"wp","href":"https:\/\/api.w.org\/{rel}","templated":true}]}}