{"id":64763,"date":"2025-06-15T16:14:08","date_gmt":"2025-06-15T16:14:08","guid":{"rendered":"https:\/\/lahora.mx\/?p=64763"},"modified":"2025-07-08T16:15:04","modified_gmt":"2025-07-08T16:15:04","slug":"realiza-congreso-del-estado-foro-de-economia-circular","status":"publish","type":"post","link":"https:\/\/lahora.mx\/index.php\/2025\/06\/15\/realiza-congreso-del-estado-foro-de-economia-circular\/","title":{"rendered":"Realiza Congreso del Estado Foro de Econom\u00eda Circular\u00a0"},"content":{"rendered":"\n<p>Con la participaci\u00f3n de la iniciativa privada, la academia, la Secretar\u00eda de Desarrollo Econ\u00f3mico y Trabajo del Gobierno del Estado, as\u00ed como del Cl\u00faster de Pl\u00e1sticos y Econom\u00eda Circular, en el Congreso se llev\u00f3 a cabo el Foro de Econom\u00eda Circular, en el cual se abri\u00f3 un espacio de di\u00e1logo sobre el desarrollo sostenible y las \u00e1reas de oportunidad en este rubro desde el \u00e1mbito legislativo.&nbsp;<\/p>\n\n\n\n<p>Durante el foro, promovido por la diputada Ana Laura G\u00f3mez Ram\u00edrez, se presentaron algunas de las directrices para la elaboraci\u00f3n de una iniciativa en materia de econom\u00eda circular, por lo que las y los participantes emitieron sus opiniones y aportaciones sobre este tema.&nbsp;<\/p>\n\n\n\n<p>La diputada presidenta de la Junta de Gobierno y Coordinaci\u00f3n Pol\u00edtica del Congreso del Estado, Laura Artemisa Garc\u00eda Ch\u00e1vez destac\u00f3 el inter\u00e9s de legisladoras y legisladores para construir soluciones ante diversas \u00e1reas de oportunidad; para ello, es necesaria y enriquecedora la participaci\u00f3n de sectores como el acad\u00e9mico, el empresarial y en general de sociedad civil.&nbsp;<\/p>\n\n\n\n<p>Asimismo, la presidenta expuso que aspiran a ser una Legislatura productiva y eficiente, pues la esencia de las funciones de las y los diputados es servir con voluntad, eficiencia y capacidad, trabajando en conjunto con personas expertas para construir mejores resultados.<\/p>\n\n\n\n<p>Por su parte, la diputada Ana Laura G\u00f3mez Ram\u00edrez indic\u00f3 que este foro y la construcci\u00f3n de la iniciativa que presentar\u00e1, es resultado de un proceso amplio y participativo, en el que se realizaron m\u00e1s de 20 mesas de trabajo entre los sectores p\u00fablico y privado, con el objetivo de escuchar sus aportaciones para integrarlas a la propuesta legislativa.<\/p>\n\n\n\n<p>Derivado del foro y de esta visi\u00f3n de parlamento abierto, coment\u00f3, se realizar\u00e1n ajustes a la propuesta, a fin de contar con una iniciativa que permita avanzar hacia un modelo de desarrollo m\u00e1s sostenible y circular para el Estado.&nbsp;&nbsp;<\/p>\n\n\n\n<p>Durante el encuentro, la presidenta del Cl\u00faster de Pl\u00e1sticos y Econom\u00eda Circular del Estado de Puebla, Silvia \u00c1vila Cholula imparti\u00f3 la ponencia denominada \u201cLa Econom\u00eda Circular empieza aqu\u00ed\u201d, adem\u00e1s, estuvieron presentes la subsecretaria de Industria y Comercio, M\u00f3nica Barrientos S\u00e1nchez y la titular de la Secretar\u00eda de las Mujeres, Yadira Lira Navarro.&nbsp;<\/p>\n\n\n\n<p>Tambi\u00e9n participaron las diputadas Mar\u00eda Soledad Amieva Zamora, Ana Lilia Tepole Armenta, Norma Estela Pimentel M\u00e9ndez, Leonela Jazm\u00edn Mart\u00ednez Ayala y Celia Bonaga Ru\u00edz, as\u00ed como los diputados Jaime Alejandro Aurioles Barroeta, Jos\u00e9 Luis Figueroa Cort\u00e9s y Roberto Zatar\u00e1in Leal.<\/p>\n","protected":false},"excerpt":{"rendered":"<p>Con la participaci\u00f3n de la iniciativa privada, la academia, la Secretar\u00eda de Desarrollo Econ\u00f3mico y Trabajo del Gobierno del Estado, as\u00ed como del Cl\u00faster de Pl\u00e1sticos y Econom\u00eda Circular, en el Congreso se llev\u00f3 a cabo el Foro de Econom\u00eda Circular, en el cual se abri\u00f3 un espacio de di\u00e1logo sobre el desarrollo sostenible y [&hellip;]<\/p>\n","protected":false},"author":4,"featured_media":64764,"comment_status":"open","ping_status":"open","sticky":false,"template":"","format":"standard","meta":{"om_disable_all_campaigns":false,"_monsterinsights_skip_tracking":false,"_monsterinsights_sitenote_active":false,"_monsterinsights_sitenote_note":"","_monsterinsights_sitenote_category":0,"footnotes":""},"categories":[175],"tags":[227,223],"class_list":["post-64763","post","type-post","status-publish","format-standard","has-post-thumbnail","hentry","category-local","tag-congreso","tag-puebla"],"amp_enabled":true,"_links":{"self":[{"href":"https:\/\/lahora.mx\/index.php\/wp-json\/wp\/v2\/posts\/64763","targetHints":{"allow":["GET"]}}],"collection":[{"href":"https:\/\/lahora.mx\/index.php\/wp-json\/wp\/v2\/posts"}],"about":[{"href":"https:\/\/lahora.mx\/index.php\/wp-json\/wp\/v2\/types\/post"}],"author":[{"embeddable":true,"href":"https:\/\/lahora.mx\/index.php\/wp-json\/wp\/v2\/users\/4"}],"replies":[{"embeddable":true,"href":"https:\/\/lahora.mx\/index.php\/wp-json\/wp\/v2\/comments?post=64763"}],"version-history":[{"count":1,"href":"https:\/\/lahora.mx\/index.php\/wp-json\/wp\/v2\/posts\/64763\/revisions"}],"predecessor-version":[{"id":64765,"href":"https:\/\/lahora.mx\/index.php\/wp-json\/wp\/v2\/posts\/64763\/revisions\/64765"}],"wp:featuredmedia":[{"embeddable":true,"href":"https:\/\/lahora.mx\/index.php\/wp-json\/wp\/v2\/media\/64764"}],"wp:attachment":[{"href":"https:\/\/lahora.mx\/index.php\/wp-json\/wp\/v2\/media?parent=64763"}],"wp:term":[{"taxonomy":"category","embeddable":true,"href":"https:\/\/lahora.mx\/index.php\/wp-json\/wp\/v2\/categories?post=64763"},{"taxonomy":"post_tag","embeddable":true,"href":"https:\/\/lahora.mx\/index.php\/wp-json\/wp\/v2\/tags?post=64763"}],"curies":[{"name":"wp","href":"https:\/\/api.w.org\/{rel}","templated":true}]}}