{"id":64755,"date":"2025-06-13T16:10:00","date_gmt":"2025-06-13T16:10:00","guid":{"rendered":"https:\/\/lahora.mx\/?p=64755"},"modified":"2025-07-08T16:11:20","modified_gmt":"2025-07-08T16:11:20","slug":"promocionan-en-congreso-del-estado-4a-feria-del-mezcal-y-el-pulque-en-atlixco","status":"publish","type":"post","link":"https:\/\/lahora.mx\/index.php\/2025\/06\/13\/promocionan-en-congreso-del-estado-4a-feria-del-mezcal-y-el-pulque-en-atlixco\/","title":{"rendered":"Promocionan en Congreso del Estado 4\u00aa Feria del Mezcal y el Pulque, en Atlixco"},"content":{"rendered":"\n<p>Con la finalidad de fomentar el desarrollo econ\u00f3mico y tur\u00edstico de la regi\u00f3n, en el Congreso del Estado se llev\u00f3 a cabo una rueda de prensa para anunciar la 4\u00aa Feria del Mezcal y del Pulque, que se llevar\u00e1 a cabo del 13 al 15 de junio en el municipio de Atlixco.<\/p>\n\n\n\n<p>Durante la presentaci\u00f3n de este evento, la diputada presidenta de la Comisi\u00f3n de Cultura de la LXII Legislatura, Azucena Rosas Tapia destac\u00f3 que esta Feria no solo representa una plataforma importante para que los productores de mezcal y pulque den a conocer sus productos, sino tambi\u00e9n, para impulsar la econ\u00f3mico y el turismo de la regi\u00f3n, gracias a las actividades gastron\u00f3micas, art\u00edsticas y culturales que se tienen programadas.&nbsp;<\/p>\n\n\n\n<p>En esta reuni\u00f3n con medios de comunicaci\u00f3n se cont\u00f3 con la participaci\u00f3n del titular de la Secretar\u00eda de Econom\u00eda del Municipio de Atlixco, Jorge Guti\u00e9rrez Ramos, quien invit\u00f3 a la poblaci\u00f3n para que asista a la Feria del Mezcal donde no solo podr\u00e1 disfrutar de la producci\u00f3n de este destilado, sino tambi\u00e9n de recorridos por los sembrad\u00edos de agave.<\/p>\n\n\n\n<p>\u201cEn esta 4\u00aa Feria del Mezcal tendremos muchas sorpresas, porque la creatividad e innovaci\u00f3n de nuestros productores permitir\u00e1 nuevas formas de presentaci\u00f3n del mezcal, mediante concursos y exposici\u00f3n de mixolog\u00eda, para el disfrute de las y los visitantes\u201d, mencion\u00f3.<\/p>\n\n\n\n<p>De igual manera, se cont\u00f3 con la participaci\u00f3n de la regidora de Turismo del Municipio de Atlixco, Valeria Bartch Aburto quien se\u00f1al\u00f3 que desde 2015, fecha en que recibieron la denominaci\u00f3n de origen, inici\u00f3 un desarrollo importante en la regi\u00f3n para la comercializaci\u00f3n de esta bebida, que la convierte en un referente a nivel estatal y nacional, por su calidad.<\/p>\n\n\n\n<p>En esta presentaci\u00f3n tambi\u00e9n se cont\u00f3 con la presencia del productor de mezcal, Caleb Arriola.<\/p>\n","protected":false},"excerpt":{"rendered":"<p>Con la finalidad de fomentar el desarrollo econ\u00f3mico y tur\u00edstico de la regi\u00f3n, en el Congreso del Estado se llev\u00f3 a cabo una rueda de prensa para anunciar la 4\u00aa Feria del Mezcal y del Pulque, que se llevar\u00e1 a cabo del 13 al 15 de junio en el municipio de Atlixco. Durante la presentaci\u00f3n [&hellip;]<\/p>\n","protected":false},"author":4,"featured_media":64756,"comment_status":"open","ping_status":"open","sticky":false,"template":"","format":"standard","meta":{"om_disable_all_campaigns":false,"_monsterinsights_skip_tracking":false,"_monsterinsights_sitenote_active":false,"_monsterinsights_sitenote_note":"","_monsterinsights_sitenote_category":0,"footnotes":""},"categories":[175],"tags":[227,223],"class_list":["post-64755","post","type-post","status-publish","format-standard","has-post-thumbnail","hentry","category-local","tag-congreso","tag-puebla"],"amp_enabled":true,"_links":{"self":[{"href":"https:\/\/lahora.mx\/index.php\/wp-json\/wp\/v2\/posts\/64755","targetHints":{"allow":["GET"]}}],"collection":[{"href":"https:\/\/lahora.mx\/index.php\/wp-json\/wp\/v2\/posts"}],"about":[{"href":"https:\/\/lahora.mx\/index.php\/wp-json\/wp\/v2\/types\/post"}],"author":[{"embeddable":true,"href":"https:\/\/lahora.mx\/index.php\/wp-json\/wp\/v2\/users\/4"}],"replies":[{"embeddable":true,"href":"https:\/\/lahora.mx\/index.php\/wp-json\/wp\/v2\/comments?post=64755"}],"version-history":[{"count":1,"href":"https:\/\/lahora.mx\/index.php\/wp-json\/wp\/v2\/posts\/64755\/revisions"}],"predecessor-version":[{"id":64757,"href":"https:\/\/lahora.mx\/index.php\/wp-json\/wp\/v2\/posts\/64755\/revisions\/64757"}],"wp:featuredmedia":[{"embeddable":true,"href":"https:\/\/lahora.mx\/index.php\/wp-json\/wp\/v2\/media\/64756"}],"wp:attachment":[{"href":"https:\/\/lahora.mx\/index.php\/wp-json\/wp\/v2\/media?parent=64755"}],"wp:term":[{"taxonomy":"category","embeddable":true,"href":"https:\/\/lahora.mx\/index.php\/wp-json\/wp\/v2\/categories?post=64755"},{"taxonomy":"post_tag","embeddable":true,"href":"https:\/\/lahora.mx\/index.php\/wp-json\/wp\/v2\/tags?post=64755"}],"curies":[{"name":"wp","href":"https:\/\/api.w.org\/{rel}","templated":true}]}}