{"id":64751,"date":"2025-06-12T16:07:46","date_gmt":"2025-06-12T16:07:46","guid":{"rendered":"https:\/\/lahora.mx\/?p=64751"},"modified":"2025-07-08T16:47:59","modified_gmt":"2025-07-08T16:47:59","slug":"promueve-congreso-del-estado-concientizacion-sobre-la-discapacidad","status":"publish","type":"post","link":"https:\/\/lahora.mx\/index.php\/2025\/06\/12\/promueve-congreso-del-estado-concientizacion-sobre-la-discapacidad\/","title":{"rendered":"Promueve Congreso del Estado concientizaci\u00f3n sobre la discapacidad\u00a0"},"content":{"rendered":"\n<p>El Congreso del Estado mantiene acciones de concientizaci\u00f3n sobre la discapacidad y para promover la inclusi\u00f3n, a trav\u00e9s de diferentes talleres impartidos a diputadas y diputados, al personal del Poder Legislativo y a representantes de medios de comunicaci\u00f3n.&nbsp;<\/p>\n\n\n\n<p>En esta ocasi\u00f3n, el taller estuvo dirigido a diputadas y diputados de la LXII Legislatura, con el prop\u00f3sito de sensibilizarlos, conocer m\u00e1s a detalle el panorama en el que se desarrollan las personas con discapacidad, as\u00ed como la propuesta para legislar en la materia.&nbsp;<\/p>\n\n\n\n<p>La diputada Luana Armida Amador Vallejo, presidenta de la Comisi\u00f3n de Atenci\u00f3n a Personas con Discapacidad, expuso que las y los participantes en los talleres mostraron inter\u00e9s y tuvieron apertura para realizar las distintas actividades, por lo que en el futuro contar\u00e1n con herramientas para actuar con una perspectiva de inclusi\u00f3n.&nbsp;<\/p>\n\n\n\n<p>Explic\u00f3 que, durante los talleres, se realizaron ejercicios sobre c\u00f3mo se vive la discapacidad motriz, visual y auditiva; adem\u00e1s, se llev\u00f3 a cabo la presentaci\u00f3n del panorama respecto a las Leyes y la estad\u00edstica, para tener un contexto general y se compartieron una serie de consejos para evitar actos discriminatorios.&nbsp;<\/p>\n\n\n\n<p>Finalmente, la legisladora destac\u00f3 que las y los participantes tendr\u00e1n la posibilidad de replicar lo que aprendieron en su vida diaria, as\u00ed como actuar con inclusi\u00f3n y considerar positivas las propuestas de reforma que presentar\u00e1.<\/p>\n","protected":false},"excerpt":{"rendered":"<p>El Congreso del Estado mantiene acciones de concientizaci\u00f3n sobre la discapacidad y para promover la inclusi\u00f3n, a trav\u00e9s de diferentes talleres impartidos a diputadas y diputados, al personal del Poder Legislativo y a representantes de medios de comunicaci\u00f3n.&nbsp; En esta ocasi\u00f3n, el taller estuvo dirigido a diputadas y diputados de la LXII Legislatura, con el [&hellip;]<\/p>\n","protected":false},"author":4,"featured_media":64752,"comment_status":"open","ping_status":"open","sticky":false,"template":"","format":"standard","meta":{"om_disable_all_campaigns":false,"_monsterinsights_skip_tracking":false,"_monsterinsights_sitenote_active":false,"_monsterinsights_sitenote_note":"","_monsterinsights_sitenote_category":0,"footnotes":""},"categories":[175],"tags":[227,223],"class_list":["post-64751","post","type-post","status-publish","format-standard","has-post-thumbnail","hentry","category-local","tag-congreso","tag-puebla"],"amp_enabled":true,"_links":{"self":[{"href":"https:\/\/lahora.mx\/index.php\/wp-json\/wp\/v2\/posts\/64751","targetHints":{"allow":["GET"]}}],"collection":[{"href":"https:\/\/lahora.mx\/index.php\/wp-json\/wp\/v2\/posts"}],"about":[{"href":"https:\/\/lahora.mx\/index.php\/wp-json\/wp\/v2\/types\/post"}],"author":[{"embeddable":true,"href":"https:\/\/lahora.mx\/index.php\/wp-json\/wp\/v2\/users\/4"}],"replies":[{"embeddable":true,"href":"https:\/\/lahora.mx\/index.php\/wp-json\/wp\/v2\/comments?post=64751"}],"version-history":[{"count":1,"href":"https:\/\/lahora.mx\/index.php\/wp-json\/wp\/v2\/posts\/64751\/revisions"}],"predecessor-version":[{"id":64753,"href":"https:\/\/lahora.mx\/index.php\/wp-json\/wp\/v2\/posts\/64751\/revisions\/64753"}],"wp:featuredmedia":[{"embeddable":true,"href":"https:\/\/lahora.mx\/index.php\/wp-json\/wp\/v2\/media\/64752"}],"wp:attachment":[{"href":"https:\/\/lahora.mx\/index.php\/wp-json\/wp\/v2\/media?parent=64751"}],"wp:term":[{"taxonomy":"category","embeddable":true,"href":"https:\/\/lahora.mx\/index.php\/wp-json\/wp\/v2\/categories?post=64751"},{"taxonomy":"post_tag","embeddable":true,"href":"https:\/\/lahora.mx\/index.php\/wp-json\/wp\/v2\/tags?post=64751"}],"curies":[{"name":"wp","href":"https:\/\/api.w.org\/{rel}","templated":true}]}}