{"id":64745,"date":"2025-06-03T16:03:38","date_gmt":"2025-06-03T16:03:38","guid":{"rendered":"https:\/\/lahora.mx\/?p=64745"},"modified":"2025-07-08T16:11:49","modified_gmt":"2025-07-08T16:11:49","slug":"aprueba-comision-del-congreso-transformar-organismo-ciudad-modelo-en-capital-de-la-tecnologia-y-sostenibilidad","status":"publish","type":"post","link":"https:\/\/lahora.mx\/index.php\/2025\/06\/03\/aprueba-comision-del-congreso-transformar-organismo-ciudad-modelo-en-capital-de-la-tecnologia-y-sostenibilidad\/","title":{"rendered":"Aprueba Comisi\u00f3n del Congreso transformar organismo Ciudad Modelo en Capital de la Tecnolog\u00eda y Sostenibilidad"},"content":{"rendered":"\n<p>Las y los integrantes de la Comisi\u00f3n de Gobernaci\u00f3n y Puntos Constitucionales de la LXII Legislatura aprobaron el proyecto de dictamen por el que se reforman y adicionan diversas disposiciones del decreto por el que se crea el Organismo P\u00fablico descentralizado denominado \u201cCiudad Modelo\u201d, con la finalidad de transformarlo en \u201cCapital de la Tecnolog\u00eda y Sostenibilidad\u201d.&nbsp;<\/p>\n\n\n\n<p>El objetivo es cambiar su denominaci\u00f3n y que se convierta en un centro tecnol\u00f3gico de vanguardia, enfocado a la sostenibilidad y la innovaci\u00f3n, alineado a las metas, objetivos, estrategias y l\u00edneas de acci\u00f3n establecidas en el Plan Estatal de Desarrollo 2024-2030.&nbsp;<\/p>\n\n\n\n<p>Mediante las reformas propuestas por el titular del Ejecutivo, se asignan nuevas facultades que permitir\u00e1n la coordinaci\u00f3n e implementaci\u00f3n de estrategias de innovaci\u00f3n y sostenibilidad, la atracci\u00f3n de inversiones verdes, el establecimiento de empresas de base tecnol\u00f3gica, la promoci\u00f3n del desarrollo de talento especializado, el fortalecimiento de la vinculaci\u00f3n entre academia e industria, as\u00ed como la articulaci\u00f3n de acciones y colaboraci\u00f3n estrat\u00e9gica entre diferentes sectores.&nbsp;<\/p>\n\n\n\n<p>Adem\u00e1s, se privilegiar\u00e1 la instalaci\u00f3n de industrias y proyectos sostenibles dentro del pol\u00edgono y en zonas industriales del Estado, estas \u00faltimas en coordinaci\u00f3n con las instancias competentes; ejecutar\u00e1 las acciones necesarias para la mejora, mantenimiento y conservaci\u00f3n de la infraestructura y los bienes inmuebles que le pertenezcan, le sean asignados o administre dentro de la zona descrita en el decreto.<\/p>\n\n\n\n<p>Al respecto, el diputado Julio Miguel Huerta G\u00f3mez se\u00f1al\u00f3 que este proyecto permitir\u00e1 el desarrollo de mejores condiciones de vida para las y los poblanos, cumpliendo con sus funciones industriales, de trabajo y con las funciones de vivienda dentro del proyecto de decreto.&nbsp;<\/p>\n\n\n\n<p>En la sesi\u00f3n de la Comisi\u00f3n estuvieron presentes las y los diputados Julio Miguel Huerta G\u00f3mez, Laura Artemisa Garc\u00eda Ch\u00e1vez, P\u00e1vel Gaspar Ram\u00edrez, Jos\u00e9 Luis Figuera Cort\u00e9s, Fedrha Isabel Suriano Corrales, Susana del Carmen Riestra Pi\u00f1a y Jaime Natale Uranga.<\/p>\n","protected":false},"excerpt":{"rendered":"<p>Las y los integrantes de la Comisi\u00f3n de Gobernaci\u00f3n y Puntos Constitucionales de la LXII Legislatura aprobaron el proyecto de dictamen por el que se reforman y adicionan diversas disposiciones del decreto por el que se crea el Organismo P\u00fablico descentralizado denominado \u201cCiudad Modelo\u201d, con la finalidad de transformarlo en \u201cCapital de la Tecnolog\u00eda y [&hellip;]<\/p>\n","protected":false},"author":4,"featured_media":64747,"comment_status":"open","ping_status":"open","sticky":false,"template":"","format":"standard","meta":{"om_disable_all_campaigns":false,"_monsterinsights_skip_tracking":false,"_monsterinsights_sitenote_active":false,"_monsterinsights_sitenote_note":"","_monsterinsights_sitenote_category":0,"footnotes":""},"categories":[175],"tags":[227,223],"class_list":["post-64745","post","type-post","status-publish","format-standard","has-post-thumbnail","hentry","category-local","tag-congreso","tag-puebla"],"amp_enabled":true,"_links":{"self":[{"href":"https:\/\/lahora.mx\/index.php\/wp-json\/wp\/v2\/posts\/64745","targetHints":{"allow":["GET"]}}],"collection":[{"href":"https:\/\/lahora.mx\/index.php\/wp-json\/wp\/v2\/posts"}],"about":[{"href":"https:\/\/lahora.mx\/index.php\/wp-json\/wp\/v2\/types\/post"}],"author":[{"embeddable":true,"href":"https:\/\/lahora.mx\/index.php\/wp-json\/wp\/v2\/users\/4"}],"replies":[{"embeddable":true,"href":"https:\/\/lahora.mx\/index.php\/wp-json\/wp\/v2\/comments?post=64745"}],"version-history":[{"count":1,"href":"https:\/\/lahora.mx\/index.php\/wp-json\/wp\/v2\/posts\/64745\/revisions"}],"predecessor-version":[{"id":64760,"href":"https:\/\/lahora.mx\/index.php\/wp-json\/wp\/v2\/posts\/64745\/revisions\/64760"}],"wp:featuredmedia":[{"embeddable":true,"href":"https:\/\/lahora.mx\/index.php\/wp-json\/wp\/v2\/media\/64747"}],"wp:attachment":[{"href":"https:\/\/lahora.mx\/index.php\/wp-json\/wp\/v2\/media?parent=64745"}],"wp:term":[{"taxonomy":"category","embeddable":true,"href":"https:\/\/lahora.mx\/index.php\/wp-json\/wp\/v2\/categories?post=64745"},{"taxonomy":"post_tag","embeddable":true,"href":"https:\/\/lahora.mx\/index.php\/wp-json\/wp\/v2\/tags?post=64745"}],"curies":[{"name":"wp","href":"https:\/\/api.w.org\/{rel}","templated":true}]}}