{"id":64740,"date":"2025-07-08T00:53:35","date_gmt":"2025-07-08T00:53:35","guid":{"rendered":"https:\/\/lahora.mx\/?p=64740"},"modified":"2025-07-08T00:53:36","modified_gmt":"2025-07-08T00:53:36","slug":"estos-son-los-requisitos-para-cumplir-con-la-revista-vehicular-2025","status":"publish","type":"post","link":"https:\/\/lahora.mx\/index.php\/2025\/07\/08\/estos-son-los-requisitos-para-cumplir-con-la-revista-vehicular-2025\/","title":{"rendered":"Estos son los requisitos para cumplir con la Revista Vehicular 2025"},"content":{"rendered":"\n<p>\u00a1Que no se te olvide! Este 1 de julio empez\u00f3 el registro de la Revista Vehicular 2025, donde cerca de 34,000 conductores del transporte p\u00fablico y taxis en Puebla deber\u00e1n de realizar este tr\u00e1mite obligatorio para expedir las nuevas placas de circulaci\u00f3n para sus unidades.<br>\u00bfPero en que consiste este, cu\u00e1les son sus requisitos y cu\u00e1nto cuesta? De acuerdo con lo informado por la Secretar\u00eda de Movilidad y Transporte (SMT), a trav\u00e9s de este se realiza una revisi\u00f3n f\u00edsica, mec\u00e1nica y documental de las unidades del transporte p\u00fablico, as\u00ed como los taxis.<\/p>\n\n\n\n<p>El principal motivo por el cual se realiza esto es debido a que muchos de estos veh\u00edculos cuentan con una vida \u00fatil de 10 a\u00f1os para poder circular en la capital poblana, y la zona metropolitana, as\u00ed como 12 a\u00f1os para el resto del estado, debido a que el transito es un poco menos \u201cacelerado\u201d.<\/p>\n\n\n\n<p>Como de costumbre, la revista vehicular va a tener un costo de $2,095 pesos por unidad, y va a incluir tanto la revisi\u00f3n del veh\u00edculo, como la expedici\u00f3n de t\u00edtulo, tarjet\u00f3n y la tarjeta de circulaci\u00f3n vigente. Por su lado, la entrega de las nuevas placas va a salir en $1,225 pesos.<\/p>\n\n\n\n<p>Hace una semana la titular de la SMT, Silvia Tan\u00fas, informo que con el fin de facilitar la revisi\u00f3n de las unidades se piensan habilitar 39 puntos diferentes en 39 municipios. En cuanto al canje de placas, este se llevar\u00e1 a cabo en el CIS m\u00e1s cercano a tu domicilio, el cual encontraras en;<\/p>\n\n\n\n<p>www.smt.puebla.gob.mx<\/p>\n\n\n\n<p>En caso de que te encuentres en la capital poblana, la Revista Vehicular va a realizarse en el estacionamiento de la Biblioteca Central de la BUAP, as\u00ed como en el Estacionamiento del Estadio Cuauht\u00e9moc. El canje de placas va a ser directamente en la sede de la SMT, ubicada en \u201cLa Paz\u201d.<\/p>\n","protected":false},"excerpt":{"rendered":"<p>\u00a1Que no se te olvide! Este 1 de julio empez\u00f3 el registro de la Revista Vehicular 2025, donde cerca de 34,000 conductores del transporte p\u00fablico y taxis en Puebla deber\u00e1n de realizar este tr\u00e1mite obligatorio para expedir las nuevas placas de circulaci\u00f3n para sus unidades.\u00bfPero en que consiste este, cu\u00e1les son sus requisitos y cu\u00e1nto [&hellip;]<\/p>\n","protected":false},"author":4,"featured_media":64741,"comment_status":"open","ping_status":"open","sticky":false,"template":"","format":"standard","meta":{"om_disable_all_campaigns":false,"_monsterinsights_skip_tracking":false,"_monsterinsights_sitenote_active":false,"_monsterinsights_sitenote_note":"","_monsterinsights_sitenote_category":0,"footnotes":""},"categories":[175],"tags":[195,223],"class_list":["post-64740","post","type-post","status-publish","format-standard","has-post-thumbnail","hentry","category-local","tag-principal","tag-puebla"],"amp_enabled":true,"_links":{"self":[{"href":"https:\/\/lahora.mx\/index.php\/wp-json\/wp\/v2\/posts\/64740","targetHints":{"allow":["GET"]}}],"collection":[{"href":"https:\/\/lahora.mx\/index.php\/wp-json\/wp\/v2\/posts"}],"about":[{"href":"https:\/\/lahora.mx\/index.php\/wp-json\/wp\/v2\/types\/post"}],"author":[{"embeddable":true,"href":"https:\/\/lahora.mx\/index.php\/wp-json\/wp\/v2\/users\/4"}],"replies":[{"embeddable":true,"href":"https:\/\/lahora.mx\/index.php\/wp-json\/wp\/v2\/comments?post=64740"}],"version-history":[{"count":1,"href":"https:\/\/lahora.mx\/index.php\/wp-json\/wp\/v2\/posts\/64740\/revisions"}],"predecessor-version":[{"id":64742,"href":"https:\/\/lahora.mx\/index.php\/wp-json\/wp\/v2\/posts\/64740\/revisions\/64742"}],"wp:featuredmedia":[{"embeddable":true,"href":"https:\/\/lahora.mx\/index.php\/wp-json\/wp\/v2\/media\/64741"}],"wp:attachment":[{"href":"https:\/\/lahora.mx\/index.php\/wp-json\/wp\/v2\/media?parent=64740"}],"wp:term":[{"taxonomy":"category","embeddable":true,"href":"https:\/\/lahora.mx\/index.php\/wp-json\/wp\/v2\/categories?post=64740"},{"taxonomy":"post_tag","embeddable":true,"href":"https:\/\/lahora.mx\/index.php\/wp-json\/wp\/v2\/tags?post=64740"}],"curies":[{"name":"wp","href":"https:\/\/api.w.org\/{rel}","templated":true}]}}