{"id":64737,"date":"2025-07-08T00:50:58","date_gmt":"2025-07-08T00:50:58","guid":{"rendered":"https:\/\/lahora.mx\/?p=64737"},"modified":"2025-07-08T00:50:59","modified_gmt":"2025-07-08T00:50:59","slug":"solo-40-del-parque-vehicular-cumple-con-el-programa-de-verificacion-en-puebla","status":"publish","type":"post","link":"https:\/\/lahora.mx\/index.php\/2025\/07\/08\/solo-40-del-parque-vehicular-cumple-con-el-programa-de-verificacion-en-puebla\/","title":{"rendered":"Solo 40% del parque vehicular cumple con el programa de verificaci\u00f3n en Puebla"},"content":{"rendered":"\n<p>\u00danicamente el 40 por ciento del parque vehicular del estado de Puebla ha cumplido con el programa de verificaci\u00f3n en lo que va del 2025; hasta el momento, no se tiene contemplado una pr\u00f3rroga para que quienes no se han puesto al corriente.<\/p>\n\n\n\n<p><br>En conferencia de prensa, la titular de la Secretar\u00eda de Medio Ambiente, Desarrollo Sustentable y Ordenamiento Territorial, Rebeca Ba\u00f1uelos Guadarrama, inform\u00f3 que sumam un total de 376 mil 598 pruebas.<\/p>\n\n\n\n<p>La cifra corresponde al primer semestre del 2025, de las el 84 por ciento han tenido resultados favorables para los automovilistas, mientras que el 16 por ciento fueron reprobatorias.<\/p>\n\n\n\n<p>Al momento, 460 mil 758 unidades en toda la entidad poblana se encuentran verificadas, las cuales representan un cumplimiento general del programa del 40 por ciento, con corte hasta el 4 de julio.<\/p>\n\n\n\n<p>Para la consumaci\u00f3n de esta regla ambiental, el gobierno del estado no tiene contemplado ninguna pr\u00f3rroga o alg\u00fan programa de condonaci\u00f3n de multas.<\/p>\n\n\n\n<p>Cabe destacar que ya arranc\u00f3 el Programa de Verificaci\u00f3n Vehicular Obligatoria, correspondiente al segundo semestre de 2025, cuyo tr\u00e1mite tendr\u00e1 un costo para los automovilistas de 628 pesos.<\/p>\n\n\n\n<p>Las fechas establecidas para este proceso son:<\/p>\n\n\n\n<p>-Placas 5-6, en julio-agosto<br>-Placas 7-8, en agosto-septiembre<br>-Placas 3-4, en septiembre-octubre<br>-Placas 1-2, en octubre-noviembre<br>-Placas 9-0, en noviembre-diciembre.<\/p>\n","protected":false},"excerpt":{"rendered":"<p>\u00danicamente el 40 por ciento del parque vehicular del estado de Puebla ha cumplido con el programa de verificaci\u00f3n en lo que va del 2025; hasta el momento, no se tiene contemplado una pr\u00f3rroga para que quienes no se han puesto al corriente. En conferencia de prensa, la titular de la Secretar\u00eda de Medio Ambiente, [&hellip;]<\/p>\n","protected":false},"author":4,"featured_media":64738,"comment_status":"open","ping_status":"open","sticky":false,"template":"","format":"standard","meta":{"om_disable_all_campaigns":false,"_monsterinsights_skip_tracking":false,"_monsterinsights_sitenote_active":false,"_monsterinsights_sitenote_note":"","_monsterinsights_sitenote_category":0,"footnotes":""},"categories":[175],"tags":[223],"class_list":["post-64737","post","type-post","status-publish","format-standard","has-post-thumbnail","hentry","category-local","tag-puebla"],"amp_enabled":true,"_links":{"self":[{"href":"https:\/\/lahora.mx\/index.php\/wp-json\/wp\/v2\/posts\/64737","targetHints":{"allow":["GET"]}}],"collection":[{"href":"https:\/\/lahora.mx\/index.php\/wp-json\/wp\/v2\/posts"}],"about":[{"href":"https:\/\/lahora.mx\/index.php\/wp-json\/wp\/v2\/types\/post"}],"author":[{"embeddable":true,"href":"https:\/\/lahora.mx\/index.php\/wp-json\/wp\/v2\/users\/4"}],"replies":[{"embeddable":true,"href":"https:\/\/lahora.mx\/index.php\/wp-json\/wp\/v2\/comments?post=64737"}],"version-history":[{"count":1,"href":"https:\/\/lahora.mx\/index.php\/wp-json\/wp\/v2\/posts\/64737\/revisions"}],"predecessor-version":[{"id":64739,"href":"https:\/\/lahora.mx\/index.php\/wp-json\/wp\/v2\/posts\/64737\/revisions\/64739"}],"wp:featuredmedia":[{"embeddable":true,"href":"https:\/\/lahora.mx\/index.php\/wp-json\/wp\/v2\/media\/64738"}],"wp:attachment":[{"href":"https:\/\/lahora.mx\/index.php\/wp-json\/wp\/v2\/media?parent=64737"}],"wp:term":[{"taxonomy":"category","embeddable":true,"href":"https:\/\/lahora.mx\/index.php\/wp-json\/wp\/v2\/categories?post=64737"},{"taxonomy":"post_tag","embeddable":true,"href":"https:\/\/lahora.mx\/index.php\/wp-json\/wp\/v2\/tags?post=64737"}],"curies":[{"name":"wp","href":"https:\/\/api.w.org\/{rel}","templated":true}]}}