{"id":64734,"date":"2025-07-08T00:47:05","date_gmt":"2025-07-08T00:47:05","guid":{"rendered":"https:\/\/lahora.mx\/?p=64734"},"modified":"2025-07-08T00:48:42","modified_gmt":"2025-07-08T00:48:42","slug":"seguridad-se-reforzara-en-limites-territoriales-asegura-lupita-cuautle","status":"publish","type":"post","link":"https:\/\/lahora.mx\/index.php\/2025\/07\/08\/seguridad-se-reforzara-en-limites-territoriales-asegura-lupita-cuautle\/","title":{"rendered":"Seguridad se reforzar\u00e1 en l\u00edmites territoriales, asegura Lupita Cuautle"},"content":{"rendered":"\n<p>Ante los hechos en que un ciudadano estadounidense falleci\u00f3 a causa del robo de su reloj en Solesta, la alcaldesa de San Andr\u00e9s Cholula, Guadalupe Cuautle Torres dio a conocer que se reforzar\u00e1n la acciones en materia de seguridad en los l\u00edmites territoriales, a fin de garantizar la seguridad a favor de los ciudadanos.<br><br>Cuautle Torres, asever\u00f3 que estos hechos no sucedieron en el territorio y llam\u00f3 a evitar esta mal informaci\u00f3n ya que el \u00e1rea de seguridad del municipio tiene identificados los puntos de atenci\u00f3n, y estar\u00e1n trabajando de forma coordinada y reforzar\u00e1n la comunicaci\u00f3n con seguridad p\u00fablica estatal y Puebla Capital.<\/p>\n\n\n\n<p>Puntualiz\u00f3 que esta reuni\u00f3n ser\u00e1 por la tarde y estar\u00e1n los secretarios de seguridad, pero afirm\u00f3 que se tiene un compromiso de trabajar de forma coordinada, asever\u00f3 que la comunicaci\u00f3n ser\u00e1 vital para mantener seguridad en la zona y apoyo a la atenci\u00f3n que se requiera en los l\u00edmites territoriales.<\/p>\n\n\n\n<p>A la vez, llam\u00f3 a no mal informar que esta plaza se encuentra en San Andr\u00e9s ya que esto propicia que se crea que estos hechos suceden en el municipio cuando no es as\u00ed, \u201cnosotros tenemos bien identificados los puntos vulnerables y estamos pendientes de atenderlos, trabajamos en prevenci\u00f3n para garantizar la seguridad de los sanandrese\u00f1os\u201d.<\/p>\n\n\n\n<p>Agreg\u00f3 que siempre se ha trabajado en coordinaci\u00f3n y comunicaci\u00f3n ya que lo que m\u00e1s le interesa a su gobierno es garantizar la seguridad de todos.<\/p>\n\n\n\n<p>Lo anterior lo dijo al concluir la ceremonia c\u00edvica correspondiente a julio donde aprovech\u00f3 para reconocer a los abogados.<\/p>\n","protected":false},"excerpt":{"rendered":"<p>Ante los hechos en que un ciudadano estadounidense falleci\u00f3 a causa del robo de su reloj en Solesta, la alcaldesa de San Andr\u00e9s Cholula, Guadalupe Cuautle Torres dio a conocer que se reforzar\u00e1n la acciones en materia de seguridad en los l\u00edmites territoriales, a fin de garantizar la seguridad a favor de los ciudadanos. Cuautle [&hellip;]<\/p>\n","protected":false},"author":4,"featured_media":64735,"comment_status":"open","ping_status":"open","sticky":false,"template":"","format":"standard","meta":{"om_disable_all_campaigns":false,"_monsterinsights_skip_tracking":false,"_monsterinsights_sitenote_active":false,"_monsterinsights_sitenote_note":"","_monsterinsights_sitenote_category":0,"footnotes":""},"categories":[175,226],"tags":[234,223],"class_list":["post-64734","post","type-post","status-publish","format-standard","has-post-thumbnail","hentry","category-local","category-policia","tag-cholula","tag-puebla"],"amp_enabled":true,"_links":{"self":[{"href":"https:\/\/lahora.mx\/index.php\/wp-json\/wp\/v2\/posts\/64734","targetHints":{"allow":["GET"]}}],"collection":[{"href":"https:\/\/lahora.mx\/index.php\/wp-json\/wp\/v2\/posts"}],"about":[{"href":"https:\/\/lahora.mx\/index.php\/wp-json\/wp\/v2\/types\/post"}],"author":[{"embeddable":true,"href":"https:\/\/lahora.mx\/index.php\/wp-json\/wp\/v2\/users\/4"}],"replies":[{"embeddable":true,"href":"https:\/\/lahora.mx\/index.php\/wp-json\/wp\/v2\/comments?post=64734"}],"version-history":[{"count":1,"href":"https:\/\/lahora.mx\/index.php\/wp-json\/wp\/v2\/posts\/64734\/revisions"}],"predecessor-version":[{"id":64736,"href":"https:\/\/lahora.mx\/index.php\/wp-json\/wp\/v2\/posts\/64734\/revisions\/64736"}],"wp:featuredmedia":[{"embeddable":true,"href":"https:\/\/lahora.mx\/index.php\/wp-json\/wp\/v2\/media\/64735"}],"wp:attachment":[{"href":"https:\/\/lahora.mx\/index.php\/wp-json\/wp\/v2\/media?parent=64734"}],"wp:term":[{"taxonomy":"category","embeddable":true,"href":"https:\/\/lahora.mx\/index.php\/wp-json\/wp\/v2\/categories?post=64734"},{"taxonomy":"post_tag","embeddable":true,"href":"https:\/\/lahora.mx\/index.php\/wp-json\/wp\/v2\/tags?post=64734"}],"curies":[{"name":"wp","href":"https:\/\/api.w.org\/{rel}","templated":true}]}}