{"id":6471,"date":"2022-05-04T17:29:08","date_gmt":"2022-05-04T17:29:08","guid":{"rendered":"http:\/\/lahora.mx\/?p=6471"},"modified":"2022-05-04T17:29:09","modified_gmt":"2022-05-04T17:29:09","slug":"barbosa-anuncia-reclusorio-exclusivo-para-mujeres","status":"publish","type":"post","link":"https:\/\/lahora.mx\/index.php\/2022\/05\/04\/barbosa-anuncia-reclusorio-exclusivo-para-mujeres\/","title":{"rendered":"Barbosa anuncia reclusorio exclusivo para mujeres"},"content":{"rendered":"\n<p>El gobernador&nbsp;<strong>Luis Miguel Barbosa Huerta&nbsp;<\/strong>anunci\u00f3 la&nbsp;<strong>conversi\u00f3n de uno de los penales estatales en un centro de reclusi\u00f3n exclusivo para mujeres.<\/strong><\/p>\n\n\n\n<p>Aunque dijo que&nbsp;<strong>pronto comenzar\u00e1n los trabajos para tener un penal femenil&nbsp;<\/strong>en el estado, no revel\u00f3 a qu\u00e9 Cereso se le har\u00e1n las&nbsp;<strong>modificaciones necesarias.<\/strong><\/p>\n\n\n\n<p>\u201cTenemos que crear, instalar un reclusorio femenil en el estado, ya no que cada reclusorio tenga su \u00e1rea femenil, no. Ya tiene que haber un reclusorio femenil y&nbsp;<strong>ya tenemos la decisi\u00f3n, cu\u00e1l se va a convertir y va a empezar pronto\u201d<\/strong>, declar\u00f3 el ejecutivo estatal en la conferencia de prensa de este mi\u00e9rcoles.<\/p>\n\n\n\n<p>Tambi\u00e9n coment\u00f3 que en el&nbsp;<strong>penal de San Miguel<\/strong>, ubicado en la ciudad de Puebla, se necesita&nbsp;<strong>ampliar los dormitorios, construir un comedor y generar mejores condiciones de seguridad<\/strong>. Para el problema de sobrepoblaci\u00f3n se est\u00e1 definiendo&nbsp;<strong>la construcci\u00f3n de un nuevo reclusorio<\/strong>; sin embargo, ser\u00e1 llevado al interior del estado.<\/p>\n\n\n\n<p><strong>\u201cNo tiene que ser en el centro<\/strong>&nbsp;(de Puebla), vamos a llevarlo fuera de nuestro centro estatal\u201d, apunt\u00f3.<\/p>\n\n\n\n<p>Para estas acciones se cre\u00f3 un&nbsp;<strong>grupo interinstitucional<\/strong>&nbsp;en el que participan el titular de la&nbsp;<strong>Secretar\u00eda de Seguridad P\u00fablica<\/strong>&nbsp;(SSP), el subdirector de Centros Penitenciarios, algunos directores de centros penitenciarios y los titulares de&nbsp;<strong>Administraci\u00f3n y Finanzas.<\/strong><\/p>\n\n\n\n<p><strong>\u201cEn Puebla no hay presencia de c\u00e1rteles nacionales\u201d<\/strong><\/p>\n\n\n\n<p>En otro tema, Barbosa Huerta&nbsp;<strong>neg\u00f3 la presencia de c\u00e1rteles nacionales en Puebla<\/strong>&nbsp;pues dijo que estos grupos delincuenciales solo introducen la droga.<\/p>\n\n\n\n<p>Las ramificaciones de estos grupos\u00a0<strong>que se encargan de la distribuci\u00f3n<\/strong>\u00a0son los que tienen presencia en la entidad, pero presumi\u00f3 que las autoridades han realizado importantes detenciones.<\/p>\n\n\n\n<p>Reconoci\u00f3 que hay zonas dif\u00edciles, como Acatl\u00e1n de Osorio, donde las condiciones de seguridad se complican porque&nbsp;<strong>las polic\u00edas municipales se involucran en las actividades delincuenciales.<\/strong><\/p>\n","protected":false},"excerpt":{"rendered":"<p>El gobernador&nbsp;Luis Miguel Barbosa Huerta&nbsp;anunci\u00f3 la&nbsp;conversi\u00f3n de uno de los penales estatales en un centro de reclusi\u00f3n exclusivo para mujeres. Aunque dijo que&nbsp;pronto comenzar\u00e1n los trabajos para tener un penal femenil&nbsp;en el estado, no revel\u00f3 a qu\u00e9 Cereso se le har\u00e1n las&nbsp;modificaciones necesarias. \u201cTenemos que crear, instalar un reclusorio femenil en el estado, ya no [&hellip;]<\/p>\n","protected":false},"author":4,"featured_media":6472,"comment_status":"open","ping_status":"open","sticky":false,"template":"","format":"standard","meta":{"om_disable_all_campaigns":false,"_monsterinsights_skip_tracking":false,"_monsterinsights_sitenote_active":false,"_monsterinsights_sitenote_note":"","_monsterinsights_sitenote_category":0,"footnotes":""},"categories":[175],"tags":[223],"class_list":["post-6471","post","type-post","status-publish","format-standard","has-post-thumbnail","hentry","category-local","tag-puebla"],"amp_enabled":true,"_links":{"self":[{"href":"https:\/\/lahora.mx\/index.php\/wp-json\/wp\/v2\/posts\/6471","targetHints":{"allow":["GET"]}}],"collection":[{"href":"https:\/\/lahora.mx\/index.php\/wp-json\/wp\/v2\/posts"}],"about":[{"href":"https:\/\/lahora.mx\/index.php\/wp-json\/wp\/v2\/types\/post"}],"author":[{"embeddable":true,"href":"https:\/\/lahora.mx\/index.php\/wp-json\/wp\/v2\/users\/4"}],"replies":[{"embeddable":true,"href":"https:\/\/lahora.mx\/index.php\/wp-json\/wp\/v2\/comments?post=6471"}],"version-history":[{"count":1,"href":"https:\/\/lahora.mx\/index.php\/wp-json\/wp\/v2\/posts\/6471\/revisions"}],"predecessor-version":[{"id":6473,"href":"https:\/\/lahora.mx\/index.php\/wp-json\/wp\/v2\/posts\/6471\/revisions\/6473"}],"wp:featuredmedia":[{"embeddable":true,"href":"https:\/\/lahora.mx\/index.php\/wp-json\/wp\/v2\/media\/6472"}],"wp:attachment":[{"href":"https:\/\/lahora.mx\/index.php\/wp-json\/wp\/v2\/media?parent=6471"}],"wp:term":[{"taxonomy":"category","embeddable":true,"href":"https:\/\/lahora.mx\/index.php\/wp-json\/wp\/v2\/categories?post=6471"},{"taxonomy":"post_tag","embeddable":true,"href":"https:\/\/lahora.mx\/index.php\/wp-json\/wp\/v2\/tags?post=6471"}],"curies":[{"name":"wp","href":"https:\/\/api.w.org\/{rel}","templated":true}]}}