{"id":64700,"date":"2025-07-07T16:37:40","date_gmt":"2025-07-07T16:37:40","guid":{"rendered":"https:\/\/lahora.mx\/?p=64700"},"modified":"2025-07-07T16:37:40","modified_gmt":"2025-07-07T16:37:40","slug":"gilberto-mora-el-juvenil-de-16-anos-que-debuto-javier-aguirre-en-la-copa-oro-con-la-seleccion-mexicana","status":"publish","type":"post","link":"https:\/\/lahora.mx\/index.php\/2025\/07\/07\/gilberto-mora-el-juvenil-de-16-anos-que-debuto-javier-aguirre-en-la-copa-oro-con-la-seleccion-mexicana\/","title":{"rendered":"Gilberto Mora, el juvenil de 16 a\u00f1os que debut\u00f3 Javier Aguirre en la Copa Oro con la Selecci\u00f3n Mexicana"},"content":{"rendered":"\n<p>Ayer frente a la Selecci\u00f3n de Arabia Saudita en los Cuartos de Final de la Copa Oro, Javier Aguirre sorprendi\u00f3 con la titularidad de Gilberto Mora, juvenil de apenas 16 a\u00f1os.<\/p>\n\n\n\n<p>Si bien, el volante de los Xolos de Tijuana ya hab\u00eda disputado dos encuentros bajo el mando del Vasco Aguirre, ninguno lo inici\u00f3 de titular y ninguno hab\u00eda sido en competencia oficial.<\/p>\n\n\n\n<p>Los juegos en los que hab\u00eda estado Mora fueron los amistosos del mes de enero ante Internacional de Porto Alegre y River Plate, ambos en Sudam\u00e9rica.<br><br>Nacido en Tuxtla Guti\u00e9rrez, Chiapas, el 14 de octubre de 2008, debut\u00f3 en primera divisi\u00f3n el 18 de agosto de 2024 frente a Santos Laguna, bajo las \u00f3rdenes del t\u00e9cnico colombiano Juan Carlos Osorio. Doce d\u00edas despu\u00e9s convirti\u00f3 su primer gol, en un duelo contra el Le\u00f3n.<\/p>\n\n\n\n<p>Desde 2022 ha estado en selecciones inferiores, pero su debut con el equipo absoluto se dio este a\u00f1o en enero. Ayer, ante el combinado \u00e1rabe sali\u00f3 de cambio hasta el segundo tiempo y dej\u00f3 muy buenas sensaciones para Javier Aguirre y la afici\u00f3n tricolor.<\/p>\n\n\n\n<p>La lesi\u00f3n de Luis Ch\u00e1vez le abri\u00f3 la oportunidad a Gilberto Mora para tomar su lugar en el medio campo de la Selecci\u00f3n Mexicana. Por fortuna de todos, respondi\u00f3 de buena manera<\/p>\n\n\n\n<p>\u00bfQu\u00e9 dijo Javier Aguirre sobre su presentaci\u00f3n?<br>El t\u00e9cnico de la Selecci\u00f3n Mexicana, Javier Aguirre, habl\u00f3 maravillas de Gilberto Mora luego del partido que dio en el State Farm Stadium ante Arabia Saudita.<\/p>\n\n\n\n<p>\u201cLo mejor que tiene es la cabeza, est\u00e1 ubicad\u00edsimo, asume su rol, el de aprender. Est\u00e1 muy ubicado, no tiene techo, est\u00e1 en la selecci\u00f3n con 16 a\u00f1os, muchos no ten\u00edamos ni equipo\u00bb, declar\u00f3 el Vasco.<\/p>\n\n\n\n<p>\u00abNo desenton\u00f3, creo que tenemos un patrimonio con \u00e9l, la Liga MX y la selecci\u00f3n. Ojal\u00e1 siga en esa progresi\u00f3n, educado, respetuoso, con ganas de aprender\u00bb, agreg\u00f3 Aguirre quien asegura que Mora est\u00e1 \u00abpor encima de la media\u00bb de cualquier juvenil mexicano.<\/p>\n","protected":false},"excerpt":{"rendered":"<p>Ayer frente a la Selecci\u00f3n de Arabia Saudita en los Cuartos de Final de la Copa Oro, Javier Aguirre sorprendi\u00f3 con la titularidad de Gilberto Mora, juvenil de apenas 16 a\u00f1os. Si bien, el volante de los Xolos de Tijuana ya hab\u00eda disputado dos encuentros bajo el mando del Vasco Aguirre, ninguno lo inici\u00f3 de [&hellip;]<\/p>\n","protected":false},"author":4,"featured_media":64701,"comment_status":"open","ping_status":"open","sticky":false,"template":"","format":"standard","meta":{"om_disable_all_campaigns":false,"_monsterinsights_skip_tracking":false,"_monsterinsights_sitenote_active":false,"_monsterinsights_sitenote_note":"","_monsterinsights_sitenote_category":0,"footnotes":""},"categories":[6],"tags":[223,142],"class_list":["post-64700","post","type-post","status-publish","format-standard","has-post-thumbnail","hentry","category-sports","tag-puebla","tag-sports"],"amp_enabled":true,"_links":{"self":[{"href":"https:\/\/lahora.mx\/index.php\/wp-json\/wp\/v2\/posts\/64700","targetHints":{"allow":["GET"]}}],"collection":[{"href":"https:\/\/lahora.mx\/index.php\/wp-json\/wp\/v2\/posts"}],"about":[{"href":"https:\/\/lahora.mx\/index.php\/wp-json\/wp\/v2\/types\/post"}],"author":[{"embeddable":true,"href":"https:\/\/lahora.mx\/index.php\/wp-json\/wp\/v2\/users\/4"}],"replies":[{"embeddable":true,"href":"https:\/\/lahora.mx\/index.php\/wp-json\/wp\/v2\/comments?post=64700"}],"version-history":[{"count":1,"href":"https:\/\/lahora.mx\/index.php\/wp-json\/wp\/v2\/posts\/64700\/revisions"}],"predecessor-version":[{"id":64702,"href":"https:\/\/lahora.mx\/index.php\/wp-json\/wp\/v2\/posts\/64700\/revisions\/64702"}],"wp:featuredmedia":[{"embeddable":true,"href":"https:\/\/lahora.mx\/index.php\/wp-json\/wp\/v2\/media\/64701"}],"wp:attachment":[{"href":"https:\/\/lahora.mx\/index.php\/wp-json\/wp\/v2\/media?parent=64700"}],"wp:term":[{"taxonomy":"category","embeddable":true,"href":"https:\/\/lahora.mx\/index.php\/wp-json\/wp\/v2\/categories?post=64700"},{"taxonomy":"post_tag","embeddable":true,"href":"https:\/\/lahora.mx\/index.php\/wp-json\/wp\/v2\/tags?post=64700"}],"curies":[{"name":"wp","href":"https:\/\/api.w.org\/{rel}","templated":true}]}}