{"id":64691,"date":"2025-07-07T16:19:17","date_gmt":"2025-07-07T16:19:17","guid":{"rendered":"https:\/\/lahora.mx\/?p=64691"},"modified":"2025-07-07T16:19:18","modified_gmt":"2025-07-07T16:19:18","slug":"gatell-se-va-a-la-omc-teniendo-carpetas-de-investigacion-abiertas-ante-la-fgr","status":"publish","type":"post","link":"https:\/\/lahora.mx\/index.php\/2025\/07\/07\/gatell-se-va-a-la-omc-teniendo-carpetas-de-investigacion-abiertas-ante-la-fgr\/","title":{"rendered":"Gatell se va a la OMC teniendo carpetas de investigaci\u00f3n abiertas ante la FGR"},"content":{"rendered":"\n<p>Total, ya estamos en verano, y si pens\u00e1bamos que en temas internacionales ya hab\u00edamos visto TODO en la 4T tras la carta que AMLO escribi\u00f3 al Parlamento Europeo \u2013la cual era tan burda y demostraba supina ignorancia que hasta Patricia Armend\u00e1riz como diputada morenista sali\u00f3 a decir que era falsa jajajajaja\u2013, pasando por la verg\u00fcenza internacional de que Panam\u00e1 rechazara a Pedro Salmer\u00f3n como embajador por estar acusado de acosador sexual, y hasta que Espa\u00f1a JAM\u00c1S le diera el VoBo a Quirino Ordaz como embajador, hoy el segundo piso de la 4T, con GRAN ORGULLO \u2013ellos lo dicen, eh, no yo\u2013, han exportado al \u201cDr. Muerte\u201d, como propios y extra\u00f1os lo conocen, por su p\u00e9simo manejo de la pandemia y por el cual pesan en sus hombros las muertes de miles de mexicanos como su representante ante la OMS.<br><br>Cristo resucitado, \u00a1expl\u00edcanos!<br>L\u00f3pez Gatell en el terreno de los hechos carga con una de las historias m\u00e1s oscuras de una acci\u00f3n gubernamental en toda la historia de nuestro pa\u00eds.<\/p>\n\n\n\n<p>Cuando Juan Ram\u00f3n de la Fuente, como titular de la SRE, mand\u00f3 el CV de L\u00f3pez Gatell, \u00bfqu\u00e9 habr\u00e1 puesto?<\/p>\n\n\n\n<p>\u201cEs responsable de la mayor\u00eda de los 800 mil mexicanos muertos por su p\u00e9sima gesti\u00f3n ante la pandemia del Covid. Que dilapid\u00f3 miles de millones de pesos en un experimento que dej\u00f3 en el limbo y sin m\u00e9dicos, hospitales y medicinas a 50 millones de mexicanos que antes ten\u00edan como opci\u00f3n \u2013imperfecta, sin duda, pero muy funcional\u2013 al Seguro Popular. Ah y que dec\u00eda \u201cel cubrebocas sirve para lo que sirve, y para lo que no, no\u201d, y que \u201cnuestro Presidente tiene la fuerza moral para nunca contagiarse\u201d. Por todo esto y mucho m\u00e1s lo enviamos muy orgullosos ante la OMS.<\/p>\n\n\n\n<p>Si \u00e9l no mand\u00f3 el CV, pero como es el canciller me pregunto: \u00bfqu\u00e9 responder\u00e1 cuando, en el mundo, lo cuestionen por dicho nombramiento?<\/p>\n\n\n\n<p>Dir\u00e1: 1.- \u00a1Que es un gran doctor!, 2.- \u00a1Que es un gran funcionario p\u00fablico!, 3.- Que no lo conoce. 4.- Que le da pena ajena o, mejor a\u00fan, 5.- Saldr\u00e1 corriendo en dicha situaci\u00f3n para evitar contestar.<\/p>\n\n\n\n<p>\u00bfCu\u00e1l de estas 5 hip\u00f3tesis les parece la m\u00e1s evidente que har\u00e1 el flamante canciller y ex rector de la UNAM?<\/p>\n\n\n\n<p>Cuatroteros, eviten el aguacate<br>Pues la 4T, adem\u00e1s de exportar a L\u00f3pez Gatell, tambi\u00e9n export\u00f3 a Juan Antonio Ferrer ante la UNESCO, quien fuera el director del fracasado Insabi.<\/p>\n\n\n\n<p>\u00bfY saben qu\u00e9?<\/p>\n\n\n\n<p>Que ambos, L\u00f3pez Gatell y Ferrer, pasaron por alto y destruyeron pol\u00edticas p\u00fablicas y experiencias logradas satisfactoriamente en el sector salud por Felipe Calder\u00f3n con el AH1N1.<\/p>\n\n\n\n<p>\u00a1As\u00ed, como lo est\u00e1n leyendo, y se vale decir, OUCH!<\/p>\n\n\n\n<p>El \u201cDoctor Muerte\u201d despreci\u00f3 las experiencias que permitieron al gobierno de Felipe Calder\u00f3n y a su secretario de Salud, Jos\u00e9 Angel C\u00f3rdova, sortear la pandemia de 2009 ocasionada por el virus del AH1N1, mientras que el tabasque\u00f1o Ferrer despedaz\u00f3 los cimientos forjados por Julio Frenk, secretario de Salud con Vicente Fox y quien hoy orgullosamente es el s\u00e9ptimo rector de la Universidad de Los \u00c1ngeles, California.<\/p>\n\n\n\n<p>Aunque les duela, es la verdad<br>L\u00f3pez Gatell y Ferrer deber\u00edan estar ante un tribunal y no a las puertas del exilio dorado patrocinado con recursos p\u00fablicos: las representaciones mexicanas ante la OMS (en Ginebra) y la UNESCO (en Par\u00eds).<\/p>\n\n\n\n<p>En la 4T vale la lealtad sobre los resultados, aunque estos causen muerte y zozobra de miles de mexicanos, total, esos NO votan y teniendo a Guadalupe Taddei (INE) y M\u00f3nica Soto (TEPJF), lo dem\u00e1s es lo de menos.<\/p>\n\n\n\n<p>Ni qu\u00e9 decir de que es literalmente una patada de mula de la 4T vs. los deudos de los fallecidos por Covid y de quienes se quedaron sin Seguro Popular; ah, pero para la 4T son primero los pobres, s\u00ed, aj\u00e1.<\/p>\n\n\n\n<p>Ech\u00e1ndole m\u00e1s lim\u00f3n a las heridas, de no prosperar las ya sonoras protestas contra estos nombramientos con que la presidenta Claudia Sheinbaum se autoinflige un da\u00f1o pol\u00edtico gigantesco, L\u00f3pez Gatell y Juan Antonio podr\u00e1n cobrar\u2026<\/p>\n\n\n\n<p>Vaya por un g\u00fcisqui, pues se les subir\u00e1 la presi\u00f3n<br>entre 10 y 12 mil d\u00f3lares mensuales, m\u00e1s gastos para instalarse c\u00f3modamente, apoyos para menaje de casa y, por supuesto, vi\u00e1ticos para desempe\u00f1ar su labor.<\/p>\n\n\n\n<p>Imag\u00ednense la escena cuando Gatell llegue a la OMS, \u00bfc\u00f3mo lo ver\u00e1n? Pues para ninguno de los representantes mundiales es un secreto que este charlar\u00e1n que se cre\u00eda rockstar y hasta gal\u00e1n, desconoci\u00f3, por no decir despreci\u00f3 o peluse\u00f3, las recomendaciones que la Organizaci\u00f3n dio con tal de quedar bien con su amado l\u00edder AMLO, quien se rehus\u00f3 a usar cubrebocas y que recomend\u00f3 el uso de \u201cdetentes\u201d para combatir la letal enfermedad. Y lo que tampoco es un secreto es que la OMS calific\u00f3 la gesti\u00f3n sanitaria mexicana como una de las peores del mundo.<\/p>\n\n\n\n<p>Gatell, un ansiol\u00edtico no te vendr\u00e1 mal<br>Porque no te puedes relajar y menos a\u00fan dormir, pues adem\u00e1s de los muertos por el Covid que cargas en la espalda, los cuestionamientos a tu persona NO se circunscriben s\u00f3lo a temas t\u00e9cnicos y m\u00e9dicos. Tambi\u00e9n dejaste \u2013literal y figurativamente\u2013 muchos muertos en el camino, y enemigos gigantescos como la industria de alimentos y bebidas procesadas, v\u00edctimas de la ideologizaci\u00f3n de la salud p\u00fablica a la que tan proclive quesque eres.<\/p>\n\n\n\n<p>Y tal cual titul\u00e9 esta columna, acu\u00e9rdate que nada dura para siempre y que aunque hoy te sientes impune, porque NADIE en la FGR mueve las demandas que interpusieron en tu contra, quien las puso es Javier Coello Trejo ni m\u00e1s ni menos que \u201cel fiscal de hierro\u201d, quien siempre ha dicho que \u201cla justicia tarda, pero siempre llega.\u201d<\/p>\n","protected":false},"excerpt":{"rendered":"<p>Total, ya estamos en verano, y si pens\u00e1bamos que en temas internacionales ya hab\u00edamos visto TODO en la 4T tras la carta que AMLO escribi\u00f3 al Parlamento Europeo \u2013la cual era tan burda y demostraba supina ignorancia que hasta Patricia Armend\u00e1riz como diputada morenista sali\u00f3 a decir que era falsa jajajajaja\u2013, pasando por la verg\u00fcenza [&hellip;]<\/p>\n","protected":false},"author":4,"featured_media":64692,"comment_status":"open","ping_status":"open","sticky":false,"template":"","format":"standard","meta":{"om_disable_all_campaigns":false,"_monsterinsights_skip_tracking":false,"_monsterinsights_sitenote_active":false,"_monsterinsights_sitenote_note":"","_monsterinsights_sitenote_category":0,"footnotes":""},"categories":[176],"tags":[],"class_list":["post-64691","post","type-post","status-publish","format-standard","has-post-thumbnail","hentry","category-nacional"],"amp_enabled":true,"_links":{"self":[{"href":"https:\/\/lahora.mx\/index.php\/wp-json\/wp\/v2\/posts\/64691","targetHints":{"allow":["GET"]}}],"collection":[{"href":"https:\/\/lahora.mx\/index.php\/wp-json\/wp\/v2\/posts"}],"about":[{"href":"https:\/\/lahora.mx\/index.php\/wp-json\/wp\/v2\/types\/post"}],"author":[{"embeddable":true,"href":"https:\/\/lahora.mx\/index.php\/wp-json\/wp\/v2\/users\/4"}],"replies":[{"embeddable":true,"href":"https:\/\/lahora.mx\/index.php\/wp-json\/wp\/v2\/comments?post=64691"}],"version-history":[{"count":1,"href":"https:\/\/lahora.mx\/index.php\/wp-json\/wp\/v2\/posts\/64691\/revisions"}],"predecessor-version":[{"id":64693,"href":"https:\/\/lahora.mx\/index.php\/wp-json\/wp\/v2\/posts\/64691\/revisions\/64693"}],"wp:featuredmedia":[{"embeddable":true,"href":"https:\/\/lahora.mx\/index.php\/wp-json\/wp\/v2\/media\/64692"}],"wp:attachment":[{"href":"https:\/\/lahora.mx\/index.php\/wp-json\/wp\/v2\/media?parent=64691"}],"wp:term":[{"taxonomy":"category","embeddable":true,"href":"https:\/\/lahora.mx\/index.php\/wp-json\/wp\/v2\/categories?post=64691"},{"taxonomy":"post_tag","embeddable":true,"href":"https:\/\/lahora.mx\/index.php\/wp-json\/wp\/v2\/tags?post=64691"}],"curies":[{"name":"wp","href":"https:\/\/api.w.org\/{rel}","templated":true}]}}