{"id":6468,"date":"2022-05-04T17:24:22","date_gmt":"2022-05-04T17:24:22","guid":{"rendered":"http:\/\/lahora.mx\/?p=6468"},"modified":"2022-05-04T17:24:22","modified_gmt":"2022-05-04T17:24:22","slug":"puebla-suma-19-dias-sin-muertes-por-covid-19","status":"publish","type":"post","link":"https:\/\/lahora.mx\/index.php\/2022\/05\/04\/puebla-suma-19-dias-sin-muertes-por-covid-19\/","title":{"rendered":"Puebla suma 19 d\u00edas sin muertes por covid-19"},"content":{"rendered":"\n<p><strong>Puebla<\/strong>&nbsp;ya suma 19 d\u00edas sin&nbsp;<strong>muertes por covid-19<\/strong>, el m\u00e1ximo desde que comenz\u00f3 a circular la variante \u00d3micron, aunque hasta el momento suma 17 mil 814 fallecimientos, inform\u00f3 el secretario de Salud estatal,&nbsp;<strong>Jos\u00e9 Antonio Mart\u00ednez Garc\u00eda<\/strong>.<\/p>\n\n\n\n<p>En rueda de&nbsp;<strong>prensa matutina<\/strong>, detall\u00f3 que para este mi\u00e9rcoles hay 16 nuevos casos y se acumulan 156 mil 814 en lo que va de la pandemia en el estado.<\/p>\n\n\n\n<p>Adem\u00e1s, dijo que hay en total&nbsp;<strong>152 casos activos<\/strong>&nbsp;que est\u00e1n distribuidos en 20 municipios de Puebla, as\u00ed como \u00fanicamente&nbsp;<strong>31 hospitalizados<\/strong>, de los cuales uno necesita ventilaci\u00f3n mec\u00e1nica asistida.<\/p>\n\n\n\n<p>La Secretar\u00eda de Salud estatal dio a conocer que la semana pr\u00f3xima comenzar\u00e1&nbsp;<strong>la jornada de vacunaci\u00f3n<\/strong>&nbsp;contra covid-19 para adolescentes de&nbsp;<strong>12 a 14 a\u00f1os<\/strong>&nbsp;en Puebla<\/p>\n\n\n\n<p>Este viernes llegar\u00e1n a Puebla&nbsp;<strong>153 mil 270 dosis de<\/strong>&nbsp;<strong>la marca Pfizer, para aplicarse en dicha jornada.<\/strong><\/p>\n\n\n\n<p>La vacuna Pfizer es la \u00fanica autorizada, hasta el momento, para aplicarse a menores de 15 a\u00f1os.<\/p>\n","protected":false},"excerpt":{"rendered":"<p>Puebla&nbsp;ya suma 19 d\u00edas sin&nbsp;muertes por covid-19, el m\u00e1ximo desde que comenz\u00f3 a circular la variante \u00d3micron, aunque hasta el momento suma 17 mil 814 fallecimientos, inform\u00f3 el secretario de Salud estatal,&nbsp;Jos\u00e9 Antonio Mart\u00ednez Garc\u00eda. En rueda de&nbsp;prensa matutina, detall\u00f3 que para este mi\u00e9rcoles hay 16 nuevos casos y se acumulan 156 mil 814 en [&hellip;]<\/p>\n","protected":false},"author":4,"featured_media":6469,"comment_status":"open","ping_status":"open","sticky":false,"template":"","format":"standard","meta":{"om_disable_all_campaigns":false,"_monsterinsights_skip_tracking":false,"_monsterinsights_sitenote_active":false,"_monsterinsights_sitenote_note":"","_monsterinsights_sitenote_category":0,"footnotes":""},"categories":[175],"tags":[195,223],"class_list":["post-6468","post","type-post","status-publish","format-standard","has-post-thumbnail","hentry","category-local","tag-principal","tag-puebla"],"amp_enabled":true,"_links":{"self":[{"href":"https:\/\/lahora.mx\/index.php\/wp-json\/wp\/v2\/posts\/6468","targetHints":{"allow":["GET"]}}],"collection":[{"href":"https:\/\/lahora.mx\/index.php\/wp-json\/wp\/v2\/posts"}],"about":[{"href":"https:\/\/lahora.mx\/index.php\/wp-json\/wp\/v2\/types\/post"}],"author":[{"embeddable":true,"href":"https:\/\/lahora.mx\/index.php\/wp-json\/wp\/v2\/users\/4"}],"replies":[{"embeddable":true,"href":"https:\/\/lahora.mx\/index.php\/wp-json\/wp\/v2\/comments?post=6468"}],"version-history":[{"count":1,"href":"https:\/\/lahora.mx\/index.php\/wp-json\/wp\/v2\/posts\/6468\/revisions"}],"predecessor-version":[{"id":6470,"href":"https:\/\/lahora.mx\/index.php\/wp-json\/wp\/v2\/posts\/6468\/revisions\/6470"}],"wp:featuredmedia":[{"embeddable":true,"href":"https:\/\/lahora.mx\/index.php\/wp-json\/wp\/v2\/media\/6469"}],"wp:attachment":[{"href":"https:\/\/lahora.mx\/index.php\/wp-json\/wp\/v2\/media?parent=6468"}],"wp:term":[{"taxonomy":"category","embeddable":true,"href":"https:\/\/lahora.mx\/index.php\/wp-json\/wp\/v2\/categories?post=6468"},{"taxonomy":"post_tag","embeddable":true,"href":"https:\/\/lahora.mx\/index.php\/wp-json\/wp\/v2\/tags?post=6468"}],"curies":[{"name":"wp","href":"https:\/\/api.w.org\/{rel}","templated":true}]}}