{"id":64653,"date":"2025-07-06T17:22:49","date_gmt":"2025-07-06T17:22:49","guid":{"rendered":"https:\/\/lahora.mx\/?p=64653"},"modified":"2025-07-06T17:22:50","modified_gmt":"2025-07-06T17:22:50","slug":"a-funcionario-publico-le-dan-12-anos-de-prision-por-violador-en-tamaulipas","status":"publish","type":"post","link":"https:\/\/lahora.mx\/index.php\/2025\/07\/06\/a-funcionario-publico-le-dan-12-anos-de-prision-por-violador-en-tamaulipas\/","title":{"rendered":"A funcionario p\u00fablico le dan 12 a\u00f1os de prisi\u00f3n por violador en Tamaulipas"},"content":{"rendered":"\n<p>La Fiscal\u00eda General de la Rep\u00fablica (FGR), a trav\u00e9s de la Fiscal\u00eda Especializada en Delitos de Violencia contra las Mujeres, Grupos en Situaci\u00f3n de Vulnerabilidad y Trata de Personas (FEVIMTRA), obtuvo una sentencia condenatoria en contra de un servidor p\u00fablico quien ejecut\u00f3 actos sexuales a una v\u00edctima.<br><br>En noviembre de 2017, se inici\u00f3 la carpeta de investigaci\u00f3n y se llev\u00f3 a cabo el proceso en sus diversas secuelas por parte de la FEVIMTRA, en el que se acredit\u00f3 la responsabilidad de Jos\u00e9 \u201cG\u201d, en el delito de violaci\u00f3n equiparada agravada cometido en el ejercicio de su encargo p\u00fablico.<\/p>\n\n\n\n<p>En consecuencia, el Juez de Enjuiciamiento del Centro de Justicia Penal Federal en el Estado de Tamaulipas con residencia en Reynosa, en audiencia de individualizaci\u00f3n de sanciones, impuso la pena de 12 a\u00f1os de prisi\u00f3n y suspensi\u00f3n de cinco a\u00f1os para ocupar un cargo p\u00fablico, suspensi\u00f3n de derechos pol\u00edticos y civiles, as\u00ed como, amonestaci\u00f3n.<\/p>\n","protected":false},"excerpt":{"rendered":"<p>La Fiscal\u00eda General de la Rep\u00fablica (FGR), a trav\u00e9s de la Fiscal\u00eda Especializada en Delitos de Violencia contra las Mujeres, Grupos en Situaci\u00f3n de Vulnerabilidad y Trata de Personas (FEVIMTRA), obtuvo una sentencia condenatoria en contra de un servidor p\u00fablico quien ejecut\u00f3 actos sexuales a una v\u00edctima. En noviembre de 2017, se inici\u00f3 la carpeta [&hellip;]<\/p>\n","protected":false},"author":4,"featured_media":64654,"comment_status":"open","ping_status":"open","sticky":false,"template":"","format":"standard","meta":{"om_disable_all_campaigns":false,"_monsterinsights_skip_tracking":false,"_monsterinsights_sitenote_active":false,"_monsterinsights_sitenote_note":"","_monsterinsights_sitenote_category":0,"footnotes":""},"categories":[175,226],"tags":[],"class_list":["post-64653","post","type-post","status-publish","format-standard","has-post-thumbnail","hentry","category-local","category-policia"],"amp_enabled":true,"_links":{"self":[{"href":"https:\/\/lahora.mx\/index.php\/wp-json\/wp\/v2\/posts\/64653","targetHints":{"allow":["GET"]}}],"collection":[{"href":"https:\/\/lahora.mx\/index.php\/wp-json\/wp\/v2\/posts"}],"about":[{"href":"https:\/\/lahora.mx\/index.php\/wp-json\/wp\/v2\/types\/post"}],"author":[{"embeddable":true,"href":"https:\/\/lahora.mx\/index.php\/wp-json\/wp\/v2\/users\/4"}],"replies":[{"embeddable":true,"href":"https:\/\/lahora.mx\/index.php\/wp-json\/wp\/v2\/comments?post=64653"}],"version-history":[{"count":1,"href":"https:\/\/lahora.mx\/index.php\/wp-json\/wp\/v2\/posts\/64653\/revisions"}],"predecessor-version":[{"id":64655,"href":"https:\/\/lahora.mx\/index.php\/wp-json\/wp\/v2\/posts\/64653\/revisions\/64655"}],"wp:featuredmedia":[{"embeddable":true,"href":"https:\/\/lahora.mx\/index.php\/wp-json\/wp\/v2\/media\/64654"}],"wp:attachment":[{"href":"https:\/\/lahora.mx\/index.php\/wp-json\/wp\/v2\/media?parent=64653"}],"wp:term":[{"taxonomy":"category","embeddable":true,"href":"https:\/\/lahora.mx\/index.php\/wp-json\/wp\/v2\/categories?post=64653"},{"taxonomy":"post_tag","embeddable":true,"href":"https:\/\/lahora.mx\/index.php\/wp-json\/wp\/v2\/tags?post=64653"}],"curies":[{"name":"wp","href":"https:\/\/api.w.org\/{rel}","templated":true}]}}