{"id":64644,"date":"2025-07-06T16:43:36","date_gmt":"2025-07-06T16:43:36","guid":{"rendered":"https:\/\/lahora.mx\/?p=64644"},"modified":"2025-07-06T16:43:37","modified_gmt":"2025-07-06T16:43:37","slug":"recuperar-la-funcionalidad-y-mejorar-la-calidad-de-vida-trabajo-de-los-terapeutas-del-imss","status":"publish","type":"post","link":"https:\/\/lahora.mx\/index.php\/2025\/07\/06\/recuperar-la-funcionalidad-y-mejorar-la-calidad-de-vida-trabajo-de-los-terapeutas-del-imss\/","title":{"rendered":"Recuperar la funcionalidad y mejorar la calidad de vida, trabajo de los terapeutas del IMSS"},"content":{"rendered":"\n<p>Ayudar a que el paciente recupere la movilidad y traducirla en mayor funcionalidad para actividades cotidianas, incluida una comunicaci\u00f3n fluida con su entorno, constituye el pilar fundamental del trabajo de los terapistas f\u00edsicos, ocupacionales y fonoaudi\u00f3logos del Instituto Mexicano del Seguro Social (IMSS).<\/p>\n\n\n\n<p>La coordinadora de Programas de la Divisi\u00f3n de Unidades y Servicios de Rehabilitaci\u00f3n, Heidini Brenda S\u00e1nchez Hern\u00e1ndez, se\u00f1al\u00f3 que este grupo de terapistas es el responsable de llevar a cabo el tratamiento que prescribe el m\u00e9dico personal de rehabilitaci\u00f3n, con el fin de que la poblaci\u00f3n derechohabiente alcance el nivel m\u00e1ximo de funcionalidad.<\/p>\n\n\n\n<p>En conmemoraci\u00f3n del D\u00eda del Personal Terapista F\u00edsico, Ocupacional y Fonoaudiol\u00f3gico, que se celebra el 5 de julio, explic\u00f3 que en todo el pa\u00eds, el IMSS cuenta con 180 \u00e1reas de rehabilitaci\u00f3n en los 3 Niveles de Atenci\u00f3n. Asimismo, las sesiones terap\u00e9uticas las realizan m\u00e1s de mil 550 profesionales de la salud.<\/p>\n\n\n\n<p>El especialista del Seguro Social detall\u00f3 que en el trabajo de los terapeutas f\u00edsicos se ocupan diversos agentes como la electroterapia, mecanoterapia, rehabilitaci\u00f3n en agua, aplicaci\u00f3n de l\u00e1ser y masoterapia, entre otras t\u00e9cnicas. Se trata, dijo, de que el paciente tenga una recuperaci\u00f3n adecuada.<\/p>\n\n\n\n<p>La fisioterapia no solo sirve para las personas con discapacidad, sino que adem\u00e1s es una excelente opci\u00f3n para prevenir el dolor, alteraciones o desequilibrios en la funci\u00f3n m\u00fasculo-esquel\u00e9tica de personas sanas, recuperar el grado m\u00e1ximo de las capacidades f\u00edsicas en quienes tienen una deficiencia temporal y ayudar a la readaptaci\u00f3n de las personas a sus actividades cotidianas.<\/p>\n\n\n\n<p>Resalt\u00f3 que los terapistas ocupacionales trabajan en brindar un enfoque relacionado con las actividades de la vida diaria, como ba\u00f1arse, alimentarse, vestirse; la preparaci\u00f3n de alimentos, tomar el transporte o incluso alg\u00fan medicamento.<\/p>\n\n\n\n<p>\u201cEl terapeuta ocupacional le da sentido a esa fuerza o esa movilidad que adquiere el paciente, traduci\u00e9ndola en cosas que le son funcionales\u201d, manifest\u00f3<\/p>\n\n\n\n<p>Los fonoaudi\u00f3logos, apunt\u00f3, ayudan a lograr la parte de comunicaci\u00f3n con la que algunos pacientes tienen problemas, ya sea al nacimiento, por una lesi\u00f3n o por un evento cerebro vascular.<\/p>\n\n\n\n<p>El terapista del lenguaje, como tambi\u00e9n se le conoce, ofrece a la persona herramientas para disminuir la limitaci\u00f3n que tiene para expresarse, de manera oral o escrita, y hacer m\u00e1s fluida la comunicaci\u00f3n con su entorno.<\/p>\n\n\n\n<p>S\u00e1nchez Hern\u00e1ndez explic\u00f3 que la prescripci\u00f3n que determina el especialista en medicina de rehabilitaci\u00f3n, es resultado de una evaluaci\u00f3n de las capacidades y funcionalidad que presenta el paciente; con base en ello se establecen objetivos de tratamiento.<\/p>\n\n\n\n<p>Como parte de la finalidad del procedimiento de atenci\u00f3n m\u00e9dica, mantenga, establezca un plan dise\u00f1ado para cualquiera de las tres \u00e1reas: f\u00edsica, ocupacional y fonoaudiol\u00f3gica.<\/p>\n\n\n\n<p>La coordinadora de Programas de la Divisi\u00f3n de Unidades y Servicios de Rehabilitaci\u00f3n inform\u00f3 que en 2023 se brindaron poco m\u00e1s de 9 millones 225 mil terapias, mientras que en 2024 la cifra alcanz\u00f3 los 9 millones 10 mil intervenciones.<\/p>\n","protected":false},"excerpt":{"rendered":"<p>Ayudar a que el paciente recupere la movilidad y traducirla en mayor funcionalidad para actividades cotidianas, incluida una comunicaci\u00f3n fluida con su entorno, constituye el pilar fundamental del trabajo de los terapistas f\u00edsicos, ocupacionales y fonoaudi\u00f3logos del Instituto Mexicano del Seguro Social (IMSS). La coordinadora de Programas de la Divisi\u00f3n de Unidades y Servicios de [&hellip;]<\/p>\n","protected":false},"author":4,"featured_media":64645,"comment_status":"open","ping_status":"open","sticky":false,"template":"","format":"standard","meta":{"om_disable_all_campaigns":false,"_monsterinsights_skip_tracking":false,"_monsterinsights_sitenote_active":false,"_monsterinsights_sitenote_note":"","_monsterinsights_sitenote_category":0,"footnotes":""},"categories":[175,252],"tags":[223],"class_list":["post-64644","post","type-post","status-publish","format-standard","has-post-thumbnail","hentry","category-local","category-salud","tag-puebla"],"amp_enabled":true,"_links":{"self":[{"href":"https:\/\/lahora.mx\/index.php\/wp-json\/wp\/v2\/posts\/64644","targetHints":{"allow":["GET"]}}],"collection":[{"href":"https:\/\/lahora.mx\/index.php\/wp-json\/wp\/v2\/posts"}],"about":[{"href":"https:\/\/lahora.mx\/index.php\/wp-json\/wp\/v2\/types\/post"}],"author":[{"embeddable":true,"href":"https:\/\/lahora.mx\/index.php\/wp-json\/wp\/v2\/users\/4"}],"replies":[{"embeddable":true,"href":"https:\/\/lahora.mx\/index.php\/wp-json\/wp\/v2\/comments?post=64644"}],"version-history":[{"count":1,"href":"https:\/\/lahora.mx\/index.php\/wp-json\/wp\/v2\/posts\/64644\/revisions"}],"predecessor-version":[{"id":64646,"href":"https:\/\/lahora.mx\/index.php\/wp-json\/wp\/v2\/posts\/64644\/revisions\/64646"}],"wp:featuredmedia":[{"embeddable":true,"href":"https:\/\/lahora.mx\/index.php\/wp-json\/wp\/v2\/media\/64645"}],"wp:attachment":[{"href":"https:\/\/lahora.mx\/index.php\/wp-json\/wp\/v2\/media?parent=64644"}],"wp:term":[{"taxonomy":"category","embeddable":true,"href":"https:\/\/lahora.mx\/index.php\/wp-json\/wp\/v2\/categories?post=64644"},{"taxonomy":"post_tag","embeddable":true,"href":"https:\/\/lahora.mx\/index.php\/wp-json\/wp\/v2\/tags?post=64644"}],"curies":[{"name":"wp","href":"https:\/\/api.w.org\/{rel}","templated":true}]}}