{"id":6459,"date":"2022-05-04T17:14:18","date_gmt":"2022-05-04T17:14:18","guid":{"rendered":"http:\/\/lahora.mx\/?p=6459"},"modified":"2022-05-04T17:14:18","modified_gmt":"2022-05-04T17:14:18","slug":"se-mantiene-contingencia-para-el-miercoles-en-cdmx","status":"publish","type":"post","link":"https:\/\/lahora.mx\/index.php\/2022\/05\/04\/se-mantiene-contingencia-para-el-miercoles-en-cdmx\/","title":{"rendered":"Se mantiene contingencia para el mi\u00e9rcoles en CDMX"},"content":{"rendered":"\n<p>La Comisi\u00f3n Ambiental de la Megal\u00f3polis (CAMe) inform\u00f3 que contin\u00faa para el d\u00eda de ma\u00f1ana la Fase 1 de contingencia ambiental atmosf\u00e9rica\u00a0por ozono en la Zona Metropolitana del Valle de M\u00e9xico (ZMVM).<br>Lo anterior, debido a que el d\u00eda de hoy la\u00a0<strong>concentraci\u00f3n de ozono<\/strong>\u00a0alcanz\u00f3 un registr\u00f3 m\u00e1ximo de 154 ppb a las 18:00 horas, en la estaci\u00f3n Santa Fe, en la alcald\u00eda \u00c1lvaro Obreg\u00f3n; lo anterior es resultado de que se mantuvo el sistema de alta presi\u00f3n sobre el centro del pa\u00eds, ocasionando poca ventilaci\u00f3n en el valle de M\u00e9xico, alta radiaci\u00f3n solar y temperaturas superiores a los 29\u00b0C que favorecieron la producci\u00f3n y acumulaci\u00f3n del contaminante. Para ma\u00f1ana se esperan condiciones similares a las registradas el d\u00eda de hoy.<\/p>\n\n\n\n<p>La\u00a0CAMe inform\u00f3 de las medidas y recomendaciones que aplicar\u00e1n el d\u00eda de ma\u00f1ana mi\u00e9rcoles 4 de mayo del 2022.<\/p>\n\n\n\n<h2 class=\"wp-block-heading\">\u00bfQu\u00e9 autos no circular\u00e1n este mi\u00e9rcoles?&nbsp;<\/h2>\n\n\n\n<p><br>Ma\u00f1ana mi\u00e9rcoles 4 de mayo, deber\u00e1n\u00a0<strong>suspender su circulaci\u00f3n<\/strong>\u00a0en horario de las 5:00 a las 22:00 horas:<br>1. Los veh\u00edculos de uso particular con holograma de verificaci\u00f3n 2<br>2. Los veh\u00edculos de uso particular con holograma de verificaci\u00f3n tipo 1 cuyo \u00faltimo d\u00edgito num\u00e9rico sea 2, 3, 4, 6, 8, y 0 \u00a0as\u00ed como aquellos cuya matr\u00edcula est\u00e9 conformada s\u00f3lo por letras<br>3. Los veh\u00edculos de uso particular con holograma de verificaci\u00f3n \u201c0 y 00\u201d, engomado rojo, terminaci\u00f3n de placa 3 y 4\u00a0<br>4. Los veh\u00edculos de uso particular con matr\u00edcula for\u00e1nea que no porten holograma de verificaci\u00f3n vehicular, ser\u00e1n considerados como holograma Dos<br>5. Restricci\u00f3n a la circulaci\u00f3n del 50% de las unidades de reparto de gas L.P. a tanques estacionarios que no cuenten con v\u00e1lvula de desconexi\u00f3n seca, cuya terminaci\u00f3n de matr\u00edcula sea PAR<br>6. Los veh\u00edculos de carga local o federal dejan de circular entre las 6:00 y las 10:00 horas., con excepci\u00f3n de aquellos que se encuentren en el Programa de Autorregulaci\u00f3n de la CDMX o EDOMEX<br>7. Los taxis con holograma de verificaci\u00f3n \u201c1\u201d o \u201c2\u201d que deban dejar de circular de acuerdo a las disposiciones indicadas en los incisos\u00a0\u00a0a) y b), les aplicar\u00e1 la restricci\u00f3n a la circulaci\u00f3n de las 10:00 a las 22:00 horas.<br>8. Veh\u00edculos que porten holograma \u201c00\u201d o \u201c0\u201d cualquiera que sea su uso, con excepci\u00f3n de los veh\u00edculos con engomado color rojo, terminaci\u00f3n de placa 3 y 4.<br><\/p>\n\n\n\n<p>Las exenciones son para veh\u00edculos el\u00e9ctricos e h\u00edbridos, adem\u00e1s, los que cuenten con matr\u00edcula ecol\u00f3gica u holograma tipo exento.<\/p>\n\n\n\n<p>Veh\u00edculos que porten holograma \u201c00\u201d o \u201c0\u201d cualquiera que sea su uso, con excepci\u00f3n de los veh\u00edculos con engomado color rojo, terminaci\u00f3n de placa 3 y 4.<\/p>\n\n\n\n<p>Veh\u00edculos de uso particular destinados en circunstancias manifiestas y urgentes, para atender una emergencia m\u00e9dica.<\/p>\n\n\n\n<p>Mientras que las fuentes fijas de la industria manufacturera de competencia federal o local que tengan procesos que generen precursores de ozono, reducir\u00e1n el 40% de sus emisiones de precursores de ozono, adem\u00e1s deber\u00e1n suspender las actividades de mantenimiento, limpieza y desengrase que generen emisiones fugitivas de COV.<\/p>\n\n\n\n<p>La Refiner\u00eda \u201cMiguel Hidalgo\u201d de Tula, Hidalgo, no operar\u00e1 a m\u00e1s del 75% de capacidad del total de proceso, disminuyendo la capacidad de combusti\u00f3n en calentadores a fuego directo y calderas en plantas de proceso y fuerza.<\/p>\n\n\n\n<p>Reducci\u00f3n del 30% del consumo de combust\u00f3leo en la Central Termoel\u00e9ctrica \u201cFrancisco P\u00e9rez R\u00edos\u201d en Tula, Hidalgo. Y Suspender las actividades de combusti\u00f3n relacionadas con la cocci\u00f3n de ladrillo, cer\u00e1mica y fundici\u00f3n en hornos artesanales.<\/p>\n\n\n\n<p>La Comisi\u00f3n Ambiental de la Megal\u00f3polis detall\u00f3 que estar\u00e1 atenta a la calidad del aire y a la evoluci\u00f3n de las condiciones meteorol\u00f3gicas prevalecientes en la ZMVM e informar\u00e1 en un bolet\u00edn que se emitir\u00e1 el d\u00eda de ma\u00f1ana mi\u00e9rcoles 4 de mayo a las 10:00 horas.<\/p>\n\n\n\n<h2 class=\"wp-block-heading\">Medidas de prevenci\u00f3n&nbsp;<\/h2>\n\n\n\n<p>La CAMe extendi\u00f3 las siguientes recomendaciones para la poblaci\u00f3n:<\/p>\n\n\n\n<p>&#8211; Evitar hacer actividades c\u00edvicas, culturales y de recreo, as\u00ed como evitar hacer ejercicio al aire libre entre las 13:00 y 19:00 horas<br>&#8211; Suspender cualquier actividad al aire libre organizada por instituciones p\u00fablicas o privadas, en horario comprendido entre las 13:00 y las 19:00 horas<br>&#8211; Se recomienda posponer los eventos al aire libre, deportivos, culturales o espect\u00e1culos masivos, programados entre las 13:00 y las 19:00 horas<br>&#8211; Se recomienda no fumar, especialmente en espacios cerrados<br>&#8211; Mantenerse informados sobre la calidad del aire con la App \u201cAire\u201d, en el sitio web&nbsp;<a href=\"http:\/\/www.aire.cdmx.gob.mx\/\">www.aire.cdmx.gob.mx<\/a>, en twitter @Aire_CDMX o al tel\u00e9fono 5552789931 ext. 1.&nbsp;<\/p>\n\n\n\n<h2 class=\"wp-block-heading\">\u00bfQu\u00e9 hacer para reducir las emisiones?&nbsp;<\/h2>\n\n\n\n<p>&#8211;&nbsp;Facilitar y continuar el trabajo a distancia para reducir viajes y realizar compras y tr\u00e1mites en l\u00ednea para reducir viajes<br>&#8211; Evitar el uso de aromatizantes, aerosoles, pinturas, impermeabilizantes o productos que contengan solventes<br>&#8211; Recargar gasolina despu\u00e9s de las 18:00 horas y antes de las 10:00 horas; no cargar m\u00e1s combustible despu\u00e9s de que se libere el seguro de la pistola de llenado<br>&#8211; Revisar y reparar fugas en instalaciones de gas dom\u00e9stico<br>&#8211; Reducir el uso de combustibles en casa acortando el tiempo de ducha a un m\u00e1ximo de cinco minutos y al cocinar, utilizar recipientes con tapa.<\/p>\n\n\n\n<p>Cabe destacar que la CAMe estar\u00e1 atenta a la&nbsp;<strong>calidad del aire<\/strong>&nbsp;y a la evoluci\u00f3n de las condiciones meteorol\u00f3gicas prevalecientes en la ZMVM e informar\u00e1 en un bolet\u00edn que se emitir\u00e1 el d\u00eda de ma\u00f1ana&nbsp;<strong>mi\u00e9rcoles 4 de mayo a las&nbsp;10:00 horas<\/strong>.<\/p>\n","protected":false},"excerpt":{"rendered":"<p>La Comisi\u00f3n Ambiental de la Megal\u00f3polis (CAMe) inform\u00f3 que contin\u00faa para el d\u00eda de ma\u00f1ana la Fase 1 de contingencia ambiental atmosf\u00e9rica\u00a0por ozono en la Zona Metropolitana del Valle de M\u00e9xico (ZMVM).Lo anterior, debido a que el d\u00eda de hoy la\u00a0concentraci\u00f3n de ozono\u00a0alcanz\u00f3 un registr\u00f3 m\u00e1ximo de 154 ppb a las 18:00 horas, en la [&hellip;]<\/p>\n","protected":false},"author":4,"featured_media":6460,"comment_status":"open","ping_status":"open","sticky":false,"template":"","format":"standard","meta":{"om_disable_all_campaigns":false,"_monsterinsights_skip_tracking":false,"_monsterinsights_sitenote_active":false,"_monsterinsights_sitenote_note":"","_monsterinsights_sitenote_category":0,"footnotes":""},"categories":[176],"tags":[],"class_list":["post-6459","post","type-post","status-publish","format-standard","has-post-thumbnail","hentry","category-nacional"],"amp_enabled":true,"_links":{"self":[{"href":"https:\/\/lahora.mx\/index.php\/wp-json\/wp\/v2\/posts\/6459","targetHints":{"allow":["GET"]}}],"collection":[{"href":"https:\/\/lahora.mx\/index.php\/wp-json\/wp\/v2\/posts"}],"about":[{"href":"https:\/\/lahora.mx\/index.php\/wp-json\/wp\/v2\/types\/post"}],"author":[{"embeddable":true,"href":"https:\/\/lahora.mx\/index.php\/wp-json\/wp\/v2\/users\/4"}],"replies":[{"embeddable":true,"href":"https:\/\/lahora.mx\/index.php\/wp-json\/wp\/v2\/comments?post=6459"}],"version-history":[{"count":1,"href":"https:\/\/lahora.mx\/index.php\/wp-json\/wp\/v2\/posts\/6459\/revisions"}],"predecessor-version":[{"id":6461,"href":"https:\/\/lahora.mx\/index.php\/wp-json\/wp\/v2\/posts\/6459\/revisions\/6461"}],"wp:featuredmedia":[{"embeddable":true,"href":"https:\/\/lahora.mx\/index.php\/wp-json\/wp\/v2\/media\/6460"}],"wp:attachment":[{"href":"https:\/\/lahora.mx\/index.php\/wp-json\/wp\/v2\/media?parent=6459"}],"wp:term":[{"taxonomy":"category","embeddable":true,"href":"https:\/\/lahora.mx\/index.php\/wp-json\/wp\/v2\/categories?post=6459"},{"taxonomy":"post_tag","embeddable":true,"href":"https:\/\/lahora.mx\/index.php\/wp-json\/wp\/v2\/tags?post=6459"}],"curies":[{"name":"wp","href":"https:\/\/api.w.org\/{rel}","templated":true}]}}