{"id":64581,"date":"2025-07-04T17:56:10","date_gmt":"2025-07-04T17:56:10","guid":{"rendered":"https:\/\/lahora.mx\/?p=64581"},"modified":"2025-07-04T17:56:11","modified_gmt":"2025-07-04T17:56:11","slug":"beneficia-pepe-chedraui-a-mas-de-7-mil-estudiantes-con-techados-escolares-en-la-capital","status":"publish","type":"post","link":"https:\/\/lahora.mx\/index.php\/2025\/07\/04\/beneficia-pepe-chedraui-a-mas-de-7-mil-estudiantes-con-techados-escolares-en-la-capital\/","title":{"rendered":"Beneficia Pepe Chedraui a m\u00e1s de 7 mil estudiantes con techados escolares en la capital"},"content":{"rendered":"\n<p>Como resultado de la estrecha coordinaci\u00f3n entre el Gobierno del Estado y el Gobierno de la Ciudad para el fortalecimiento del sistema educativo de la capital -con una inversi\u00f3n conjunta de 24 millones 559 mil 296 pesos-, el presidente municipal, Pepe Chedraui Budib, concluy\u00f3 la entrega de 22 techados escolares con sistema de captaci\u00f3n pluvial, los cuales beneficiar\u00e1n a m\u00e1s de 7 mil estudiantes de educaci\u00f3n b\u00e1sica.<\/p>\n\n\n\n<p>Al respecto, en el marco de la entrega de obra educativa en la Primaria Profesora Eva S\u00e1mano de L\u00f3pez Mateos en la colonia Los Gavilanes, el edil capitalino mencion\u00f3 que, este programa permiti\u00f3 colocar a la ni\u00f1ez y juventud poblana en el centro de la pol\u00edtica p\u00fablica, a trav\u00e9s del trabajo coordinado con el gobierno estatal.<\/p>\n\n\n\n<p>\u201cCon el apoyo total del gobernador, Alejandro Armenta, construimos 22 techados escolares con captadores pluviales, mejorando as\u00ed, los diferentes entornos escolares de nuestra ciudad. La transformaci\u00f3n de la capital comienza en las aulas, con mejores espacios, damos mejores oportunidades\u201d, subray\u00f3.<\/p>\n\n\n\n<p>En su mensaje, la diputada federal por el Distrito 12, Nora Merino Escamilla se\u00f1al\u00f3 que, con la entrega de estos techados, miles de estudiantes podr\u00e1n complementar su formaci\u00f3n acad\u00e9mica. Por ello, mejorar la infraestructura escolar representa la transformaci\u00f3n de espacios educativos y la transformaci\u00f3n de vidas.<\/p>\n\n\n\n<p>\u201cCada uno de estos espacios representa m\u00e1s que una obra f\u00edsica: es un s\u00edmbolo del compromiso con la ni\u00f1ez, la juventud y el derecho a una educaci\u00f3n digna\u201d, a\u00f1adi\u00f3.<\/p>\n\n\n\n<p>Por su parte, el diputado local por el Distrito 10, Jaime Natale Uranga precis\u00f3 que, el trabajo coordinado entre los diferentes \u00f3rdenes de gobierno es fundamental para generar beneficios tangibles como los techados escolares que, sin duda, permiten mejorar las condiciones de los espacios educativos del municipio.<\/p>\n\n\n\n<p>\u201cEste esfuerzo es el resultado del compromiso firme que tenemos con la educaci\u00f3n y el bienestar de nuestras ni\u00f1as, ni\u00f1os y j\u00f3venes. Cada uno de estos techados representa un espacio digno, seguro y funcional\u201d, puntualiz\u00f3.<\/p>\n\n\n\n<p>En su intervenci\u00f3n, la secretaria para la Igualdad Sustantiva de G\u00e9nero, Zaira Gonz\u00e1lez G\u00f3mez, manifest\u00f3 que la entrega de estos espacios garantiza condiciones equitativas para el desarrollo de actividades acad\u00e9micas, culturales, deportivas, l\u00fadicas y f\u00edsicas.<\/p>\n\n\n\n<p>\u201cLa entrega de esta obra representa un compromiso con el futuro y es una muestra clara que la infraestructura tambi\u00e9n construye igualdad\u201d, expres\u00f3.<\/p>\n\n\n\n<p>En su momento, el secretario de Movilidad e Infraestructura, David Aysa inform\u00f3 que, como parte de este Programa de Mejora de la Infraestructura Educativa, se realiz\u00f3 la construcci\u00f3n de 22 techados de 30 metros de longitud y 20 metros de ancho, lo que generar\u00e1 un \u00e1rea de sombra total de 13 mil 200 metros cuadrados.<\/p>\n\n\n\n<p>\u201cComo parte de este programa instalamos sistemas de captaci\u00f3n pluvial en 22 instituciones educativas, lo que permitir\u00e1 recolectar aproximadamente 110 mil litros de agua de lluvia\u201d, subray\u00f3.<\/p>\n\n\n\n<p>Asimismo, el funcionario municipal agreg\u00f3 que, se beneficiaron en total a seis preescolares, 12 primarias y cuatro secundarias. Adem\u00e1s, en cada plantel educativo se instal\u00f3 un comit\u00e9 denominado H\u00e9roes del Agua conformado por padres de familia, maestros y alumnos con la finalidad de vigilar el cuidado y aprovechamiento del vital l\u00edquido.<\/p>\n\n\n\n<p>\u201cHoy podemos decir con orgullo que cada techado es m\u00e1s que concreto y estructura, es un paso hacia una educaci\u00f3n m\u00e1s equitativa, segura y de calidad\u201d, asever\u00f3.<\/p>\n\n\n\n<p>Finalmente, el director de Proyectos Especiales del Comit\u00e9 Administrador Poblano para la Construcci\u00f3n de Espacios Educativos (CAPCEE), Mario Morales Aparicio destac\u00f3 que, este logr\u00f3 es resultado del trabajo coordinado que encabez\u00f3 el gobernador Alejandro Armenta con la autoridad municipal, as\u00ed como con las autoridades educativas y las comunidades escolares, aliados fundamentales en la planeaci\u00f3n y ejecuci\u00f3n de este proyecto.<\/p>\n\n\n\n<p>\u201cEn CAPCEE, seguimos trabajando con responsabilidad y visi\u00f3n para transformar los espacios educativos de Puebla, convencidos de que invertir en infraestructura es invertir en el futuro de nuestras ni\u00f1as, ni\u00f1os y j\u00f3venes\u201d, coment\u00f3.<\/p>\n\n\n\n<p>Con la mejora de la infraestructura educativa de la capital, el alcalde Pepe Chedraui Budib impulsa acciones concretas que inciden directamente en la generaci\u00f3n de una capital en orden, d\u00f3nde la ni\u00f1ez y juventud poblana son el centro de la pol\u00edtica p\u00fablica gubernamental.<\/p>\n\n\n\n<p>Visto 452 veces<\/p>\n","protected":false},"excerpt":{"rendered":"<p>Como resultado de la estrecha coordinaci\u00f3n entre el Gobierno del Estado y el Gobierno de la Ciudad para el fortalecimiento del sistema educativo de la capital -con una inversi\u00f3n conjunta de 24 millones 559 mil 296 pesos-, el presidente municipal, Pepe Chedraui Budib, concluy\u00f3 la entrega de 22 techados escolares con sistema de captaci\u00f3n pluvial, [&hellip;]<\/p>\n","protected":false},"author":4,"featured_media":64582,"comment_status":"open","ping_status":"open","sticky":false,"template":"","format":"standard","meta":{"om_disable_all_campaigns":false,"_monsterinsights_skip_tracking":false,"_monsterinsights_sitenote_active":false,"_monsterinsights_sitenote_note":"","_monsterinsights_sitenote_category":0,"footnotes":""},"categories":[175],"tags":[223],"class_list":["post-64581","post","type-post","status-publish","format-standard","has-post-thumbnail","hentry","category-local","tag-puebla"],"amp_enabled":true,"_links":{"self":[{"href":"https:\/\/lahora.mx\/index.php\/wp-json\/wp\/v2\/posts\/64581","targetHints":{"allow":["GET"]}}],"collection":[{"href":"https:\/\/lahora.mx\/index.php\/wp-json\/wp\/v2\/posts"}],"about":[{"href":"https:\/\/lahora.mx\/index.php\/wp-json\/wp\/v2\/types\/post"}],"author":[{"embeddable":true,"href":"https:\/\/lahora.mx\/index.php\/wp-json\/wp\/v2\/users\/4"}],"replies":[{"embeddable":true,"href":"https:\/\/lahora.mx\/index.php\/wp-json\/wp\/v2\/comments?post=64581"}],"version-history":[{"count":1,"href":"https:\/\/lahora.mx\/index.php\/wp-json\/wp\/v2\/posts\/64581\/revisions"}],"predecessor-version":[{"id":64583,"href":"https:\/\/lahora.mx\/index.php\/wp-json\/wp\/v2\/posts\/64581\/revisions\/64583"}],"wp:featuredmedia":[{"embeddable":true,"href":"https:\/\/lahora.mx\/index.php\/wp-json\/wp\/v2\/media\/64582"}],"wp:attachment":[{"href":"https:\/\/lahora.mx\/index.php\/wp-json\/wp\/v2\/media?parent=64581"}],"wp:term":[{"taxonomy":"category","embeddable":true,"href":"https:\/\/lahora.mx\/index.php\/wp-json\/wp\/v2\/categories?post=64581"},{"taxonomy":"post_tag","embeddable":true,"href":"https:\/\/lahora.mx\/index.php\/wp-json\/wp\/v2\/tags?post=64581"}],"curies":[{"name":"wp","href":"https:\/\/api.w.org\/{rel}","templated":true}]}}