{"id":64578,"date":"2025-07-04T17:38:11","date_gmt":"2025-07-04T17:38:11","guid":{"rendered":"https:\/\/lahora.mx\/?p=64578"},"modified":"2025-07-04T17:38:12","modified_gmt":"2025-07-04T17:38:12","slug":"quitan-a-sauce-de-homicidios-de-la-fge-regresa-como-director-de-operaciones","status":"publish","type":"post","link":"https:\/\/lahora.mx\/index.php\/2025\/07\/04\/quitan-a-sauce-de-homicidios-de-la-fge-regresa-como-director-de-operaciones\/","title":{"rendered":"Quitan a Sauce de Homicidios de la FGE; regresa como director de Operaciones"},"content":{"rendered":"\n<p>Gustavo Alonso Gonz\u00e1lez Zapata, conocido como \u201cSauce\u201d, fue removido como comandante titular de la Coordinaci\u00f3n Federal Especializada en Investigaci\u00f3n de Homicidios Dolosos de la Fiscal\u00eda General del Estado (FGE) de Puebla.<\/p>\n\n\n\n<p>La ma\u00f1ana de hoy trascendi\u00f3 que \u201cSauce\u201d regresar\u00e1 a la Agencia Estatal de Investigaci\u00f3n. De manera extraoficial se inform\u00f3 que este cambio estar\u00eda relacionado con m\u00faltiples se\u00f1alamientos en su contra por presunta conducta prepotente y ofensiva.<\/p>\n\n\n\n<p>Su salida tambi\u00e9n estar\u00eda vinculada con la explosi\u00f3n de granadas registrada el pasado 30 de junio en el municipio de Coronango, donde dos elementos de la Secretar\u00eda de Seguridad P\u00fablica (SSP) resultaron heridos. Horas despu\u00e9s del ataque, el grupo delictivo denominado \u201cLa Barredora\u201d se lo adjudic\u00f3, indicando que el atentado estaba dirigido a la Fiscal\u00eda de Homicidios, \u00e1rea en la que laboraba \u201cSauce\u201d, quien presuntamente era el objetivo.<\/p>\n\n\n\n<p>De acuerdo con fuentes cercanas a la dependencia, el pasado 2 de junio, trabajadores de la Coordinaci\u00f3n General de Homicidios habr\u00edan solicitado una reuni\u00f3n con la fiscal Idamis Pastor Betancourt, en la que se pidi\u00f3 la salida de \u201cSauce\u201d por temor a un posible atentado por parte de \u201cLa Barredora\u201d, grupo que habr\u00eda amenazado con atacar las oficinas.<\/p>\n\n\n\n<p>Cabe se\u00f1alar que esta no es la primera vez que \u201cSauce\u201d enfrenta se\u00f1alamientos. En marzo de 2025 fue responsabilizado por la muerte de dos polic\u00edas municipales, hecho que deriv\u00f3 en movilizaciones y protestas para exigir su destituci\u00f3n de la Secretar\u00eda de Seguridad Ciudadana (SSC) del municipio de Puebla.<\/p>\n\n\n\n<p>Tras estos acontecimientos, \u201cSauce\u201d present\u00f3 su renuncia como subsecretario de Operatividad Policial, con car\u00e1cter de irrevocable. La dimisi\u00f3n fue publicada en redes sociales.<\/p>\n\n\n\n<p>Hasta la edici\u00f3n de esta nota, la Fiscal\u00eda General del Estado de Puebla no hab\u00eda emitido informaci\u00f3n oficial sobre su salida de la Coordinaci\u00f3n de Homicidios Dolosos.<\/p>\n","protected":false},"excerpt":{"rendered":"<p>Gustavo Alonso Gonz\u00e1lez Zapata, conocido como \u201cSauce\u201d, fue removido como comandante titular de la Coordinaci\u00f3n Federal Especializada en Investigaci\u00f3n de Homicidios Dolosos de la Fiscal\u00eda General del Estado (FGE) de Puebla. La ma\u00f1ana de hoy trascendi\u00f3 que \u201cSauce\u201d regresar\u00e1 a la Agencia Estatal de Investigaci\u00f3n. De manera extraoficial se inform\u00f3 que este cambio estar\u00eda relacionado [&hellip;]<\/p>\n","protected":false},"author":4,"featured_media":64579,"comment_status":"open","ping_status":"open","sticky":false,"template":"","format":"standard","meta":{"om_disable_all_campaigns":false,"_monsterinsights_skip_tracking":false,"_monsterinsights_sitenote_active":false,"_monsterinsights_sitenote_note":"","_monsterinsights_sitenote_category":0,"footnotes":""},"categories":[175],"tags":[195,223],"class_list":["post-64578","post","type-post","status-publish","format-standard","has-post-thumbnail","hentry","category-local","tag-principal","tag-puebla"],"amp_enabled":true,"_links":{"self":[{"href":"https:\/\/lahora.mx\/index.php\/wp-json\/wp\/v2\/posts\/64578","targetHints":{"allow":["GET"]}}],"collection":[{"href":"https:\/\/lahora.mx\/index.php\/wp-json\/wp\/v2\/posts"}],"about":[{"href":"https:\/\/lahora.mx\/index.php\/wp-json\/wp\/v2\/types\/post"}],"author":[{"embeddable":true,"href":"https:\/\/lahora.mx\/index.php\/wp-json\/wp\/v2\/users\/4"}],"replies":[{"embeddable":true,"href":"https:\/\/lahora.mx\/index.php\/wp-json\/wp\/v2\/comments?post=64578"}],"version-history":[{"count":1,"href":"https:\/\/lahora.mx\/index.php\/wp-json\/wp\/v2\/posts\/64578\/revisions"}],"predecessor-version":[{"id":64580,"href":"https:\/\/lahora.mx\/index.php\/wp-json\/wp\/v2\/posts\/64578\/revisions\/64580"}],"wp:featuredmedia":[{"embeddable":true,"href":"https:\/\/lahora.mx\/index.php\/wp-json\/wp\/v2\/media\/64579"}],"wp:attachment":[{"href":"https:\/\/lahora.mx\/index.php\/wp-json\/wp\/v2\/media?parent=64578"}],"wp:term":[{"taxonomy":"category","embeddable":true,"href":"https:\/\/lahora.mx\/index.php\/wp-json\/wp\/v2\/categories?post=64578"},{"taxonomy":"post_tag","embeddable":true,"href":"https:\/\/lahora.mx\/index.php\/wp-json\/wp\/v2\/tags?post=64578"}],"curies":[{"name":"wp","href":"https:\/\/api.w.org\/{rel}","templated":true}]}}