{"id":64575,"date":"2025-07-04T17:28:06","date_gmt":"2025-07-04T17:28:06","guid":{"rendered":"https:\/\/lahora.mx\/?p=64575"},"modified":"2025-07-04T17:28:08","modified_gmt":"2025-07-04T17:28:08","slug":"sedif-fortalece-seguridad-juridica-y-emocional-en-procesos-de-adopcion-internacional","status":"publish","type":"post","link":"https:\/\/lahora.mx\/index.php\/2025\/07\/04\/sedif-fortalece-seguridad-juridica-y-emocional-en-procesos-de-adopcion-internacional\/","title":{"rendered":"SEDIF fortalece seguridad jur\u00eddica y emocional en procesos de adopci\u00f3n internacional"},"content":{"rendered":"\n<p>En el marco del compromiso por garantizar la seguridad jur\u00eddica y emocional de ni\u00f1as, ni\u00f1os y adolescentes en situaci\u00f3n de adopci\u00f3n, el Sistema para el Desarrollo Integral de la Familia del Estado de Puebla (SEDIF) particip\u00f3 en la S\u00e9ptima Reuni\u00f3n Binacional de Adopciones M\u00e9xico\u2013Estados Unidos, con la finalidad de fortalecer mecanismos institucionales que aseguren entornos familiares dignos, afectivos y protectores.<\/p>\n\n\n\n<p>La delegaci\u00f3n del SEDIF asisti\u00f3 a trav\u00e9s de la Procuradur\u00eda de Protecci\u00f3n de los Derechos de Ni\u00f1as, Ni\u00f1os y Adolescentes, con el respaldo de la presidenta del Patronato, Ceci Arellano, y bajo la instrucci\u00f3n del gobernador Alejandro Armenta, quienes han colocado el bienestar integral de la ni\u00f1ez como eje prioritario de la pol\u00edtica social del estado.<\/p>\n\n\n\n<p>Durante el encuentro, que reuni\u00f3 a representantes de autoridades federales de ambos pa\u00edses, procuradur\u00edas estatales y \u00f3rganos del Poder Judicial, se analizaron los marcos normativos y operativos del proceso de adopci\u00f3n internacional conforme a los principios de la Conferencia de La Haya de Derecho Internacional Privado, con el objetivo de promover procesos m\u00e1s seguros, \u00e1giles y sensibles.<\/p>\n\n\n\n<p>El intercambio de experiencias permiti\u00f3 compartir buenas pr\u00e1cticas, mejorar procedimientos jur\u00eddicos y asegurar que ni\u00f1as, ni\u00f1os y adolescentes cuenten con entornos familiares donde prevalezcan el amor, la estabilidad y el respeto a sus derechos.<\/p>\n\n\n\n<p>La participaci\u00f3n del SEDIF en esta reuni\u00f3n binacional representa un paso firme para garantizar la seguridad afectiva y emocional de los menores en adopci\u00f3n, a fin de consolidar familias dentro y fuera del pa\u00eds que aseguren su desarrollo pleno y feliz.<\/p>\n\n\n\n<p>Estas acciones responden a la visi\u00f3n humanista que impulsa la presidenta de M\u00e9xico, Claudia Sheinbaum Pardo, y que en Puebla se traduce en hechos concretos para la protecci\u00f3n de quienes m\u00e1s lo necesitan. Porque para el SEDIF, la seguridad tambi\u00e9n significa crecer en un hogar donde se ame, se cuide y se proteja.<\/p>\n","protected":false},"excerpt":{"rendered":"<p>En el marco del compromiso por garantizar la seguridad jur\u00eddica y emocional de ni\u00f1as, ni\u00f1os y adolescentes en situaci\u00f3n de adopci\u00f3n, el Sistema para el Desarrollo Integral de la Familia del Estado de Puebla (SEDIF) particip\u00f3 en la S\u00e9ptima Reuni\u00f3n Binacional de Adopciones M\u00e9xico\u2013Estados Unidos, con la finalidad de fortalecer mecanismos institucionales que aseguren entornos [&hellip;]<\/p>\n","protected":false},"author":4,"featured_media":64576,"comment_status":"open","ping_status":"open","sticky":false,"template":"","format":"standard","meta":{"om_disable_all_campaigns":false,"_monsterinsights_skip_tracking":false,"_monsterinsights_sitenote_active":false,"_monsterinsights_sitenote_note":"","_monsterinsights_sitenote_category":0,"footnotes":""},"categories":[175],"tags":[239,223],"class_list":["post-64575","post","type-post","status-publish","format-standard","has-post-thumbnail","hentry","category-local","tag-gobierno","tag-puebla"],"amp_enabled":true,"_links":{"self":[{"href":"https:\/\/lahora.mx\/index.php\/wp-json\/wp\/v2\/posts\/64575","targetHints":{"allow":["GET"]}}],"collection":[{"href":"https:\/\/lahora.mx\/index.php\/wp-json\/wp\/v2\/posts"}],"about":[{"href":"https:\/\/lahora.mx\/index.php\/wp-json\/wp\/v2\/types\/post"}],"author":[{"embeddable":true,"href":"https:\/\/lahora.mx\/index.php\/wp-json\/wp\/v2\/users\/4"}],"replies":[{"embeddable":true,"href":"https:\/\/lahora.mx\/index.php\/wp-json\/wp\/v2\/comments?post=64575"}],"version-history":[{"count":1,"href":"https:\/\/lahora.mx\/index.php\/wp-json\/wp\/v2\/posts\/64575\/revisions"}],"predecessor-version":[{"id":64577,"href":"https:\/\/lahora.mx\/index.php\/wp-json\/wp\/v2\/posts\/64575\/revisions\/64577"}],"wp:featuredmedia":[{"embeddable":true,"href":"https:\/\/lahora.mx\/index.php\/wp-json\/wp\/v2\/media\/64576"}],"wp:attachment":[{"href":"https:\/\/lahora.mx\/index.php\/wp-json\/wp\/v2\/media?parent=64575"}],"wp:term":[{"taxonomy":"category","embeddable":true,"href":"https:\/\/lahora.mx\/index.php\/wp-json\/wp\/v2\/categories?post=64575"},{"taxonomy":"post_tag","embeddable":true,"href":"https:\/\/lahora.mx\/index.php\/wp-json\/wp\/v2\/tags?post=64575"}],"curies":[{"name":"wp","href":"https:\/\/api.w.org\/{rel}","templated":true}]}}