{"id":64572,"date":"2025-07-04T17:25:27","date_gmt":"2025-07-04T17:25:27","guid":{"rendered":"https:\/\/lahora.mx\/?p=64572"},"modified":"2025-07-04T17:25:27","modified_gmt":"2025-07-04T17:25:27","slug":"sedif-ofrece-terapias-por-osteoartritis-y-gimnasia-cerebral-para-abuelitas-y-abuelitos","status":"publish","type":"post","link":"https:\/\/lahora.mx\/index.php\/2025\/07\/04\/sedif-ofrece-terapias-por-osteoartritis-y-gimnasia-cerebral-para-abuelitas-y-abuelitos\/","title":{"rendered":"SEDIF ofrece terapias por osteoartritis y gimnasia cerebral para abuelitas y abuelitos"},"content":{"rendered":"\n<p>Hoy d\u00eda, el padecimiento m\u00e1s com\u00fan entre las y los adultos mayores es la osteoartritis, el cual es normal por el envejecimiento y desgaste en una articulaci\u00f3n, se\u00f1ala el m\u00e9dico general Carlos Tiro Hern\u00e1ndez, al afirmar que seis de cada 10 personas que asisten al Centro de Gerontolog\u00eda \u201cCasa del Abue\u201d del Sistema Estatal para el Desarrollo Integral para la Familia (SEDIF), presentan este problema f\u00edsico.<\/p>\n\n\n\n<p>Tiro Hern\u00e1ndez destac\u00f3 que es inter\u00e9s de la presidenta del Patronato, Ceci Arellano, proporcionar a las y los abuelitos que acudan a la estancia de d\u00eda, atenci\u00f3n m\u00e9dica y rehabilitaci\u00f3n con calidad, gratuita y con buen trato, a fin de mejorar su calidad de vida y continuar con su rutina diaria.<\/p>\n\n\n\n<p>Asimismo, el profesional de la salud asegur\u00f3 que es muy frecuente que en este rango de edad, el cart\u00edlago de hombros, manos, cadera y rodillas se desgaste y provoque malestar y dolor e incluso deformaci\u00f3n del hueso espec\u00edficamente en falanges, por lo que exhort\u00f3 a las y los adultos mayores a que acudan a la \u201cCasa del Abue\u201d para que se le valore con rayos X, previa consulta por el \u00e1rea de medicina general, quien determinar\u00e1 si requiere de terapia f\u00edsica o atenci\u00f3n por un especialista (ortopedista).<\/p>\n\n\n\n<p>De igual manera, Tiro Hern\u00e1ndez, se\u00f1al\u00f3 que las enfermedades m\u00e1s comunes entre la poblaci\u00f3n que acude al Centro de Gerontolog\u00eda del SEDIF, ubicado en 11 norte 1818, Santa Anita en Puebla capital, son la diabetes mellitus, hipertensi\u00f3n arterial, continencia urinaria, tiroides, insuficiencia venosa y alguna discapacidad f\u00edsica.<\/p>\n\n\n\n<p>Bajo el contexto del humanismo mexicano, el SEDIF invita las y los adultos mayores a que se integren a los talleres que imparte el \u00e1rea de fisiatr\u00eda, como el de gimnasia cerebral. \u00abEn alguna determinada edad, las personas pueden llegar a olvidar algunas cosas, como d\u00f3nde dejaron las llaves, el monedero, a qu\u00e9 entraron a la rec\u00e1mara y muchas cosas m\u00e1s, por lo que con ejercicios que desarrollan por un periodo de dos meses, pueden mejorar su salud mental\u00bb, finaliz\u00f3.<\/p>\n","protected":false},"excerpt":{"rendered":"<p>Hoy d\u00eda, el padecimiento m\u00e1s com\u00fan entre las y los adultos mayores es la osteoartritis, el cual es normal por el envejecimiento y desgaste en una articulaci\u00f3n, se\u00f1ala el m\u00e9dico general Carlos Tiro Hern\u00e1ndez, al afirmar que seis de cada 10 personas que asisten al Centro de Gerontolog\u00eda \u201cCasa del Abue\u201d del Sistema Estatal para [&hellip;]<\/p>\n","protected":false},"author":4,"featured_media":64573,"comment_status":"open","ping_status":"open","sticky":false,"template":"","format":"standard","meta":{"om_disable_all_campaigns":false,"_monsterinsights_skip_tracking":false,"_monsterinsights_sitenote_active":false,"_monsterinsights_sitenote_note":"","_monsterinsights_sitenote_category":0,"footnotes":""},"categories":[175],"tags":[239,223],"class_list":["post-64572","post","type-post","status-publish","format-standard","has-post-thumbnail","hentry","category-local","tag-gobierno","tag-puebla"],"amp_enabled":true,"_links":{"self":[{"href":"https:\/\/lahora.mx\/index.php\/wp-json\/wp\/v2\/posts\/64572","targetHints":{"allow":["GET"]}}],"collection":[{"href":"https:\/\/lahora.mx\/index.php\/wp-json\/wp\/v2\/posts"}],"about":[{"href":"https:\/\/lahora.mx\/index.php\/wp-json\/wp\/v2\/types\/post"}],"author":[{"embeddable":true,"href":"https:\/\/lahora.mx\/index.php\/wp-json\/wp\/v2\/users\/4"}],"replies":[{"embeddable":true,"href":"https:\/\/lahora.mx\/index.php\/wp-json\/wp\/v2\/comments?post=64572"}],"version-history":[{"count":1,"href":"https:\/\/lahora.mx\/index.php\/wp-json\/wp\/v2\/posts\/64572\/revisions"}],"predecessor-version":[{"id":64574,"href":"https:\/\/lahora.mx\/index.php\/wp-json\/wp\/v2\/posts\/64572\/revisions\/64574"}],"wp:featuredmedia":[{"embeddable":true,"href":"https:\/\/lahora.mx\/index.php\/wp-json\/wp\/v2\/media\/64573"}],"wp:attachment":[{"href":"https:\/\/lahora.mx\/index.php\/wp-json\/wp\/v2\/media?parent=64572"}],"wp:term":[{"taxonomy":"category","embeddable":true,"href":"https:\/\/lahora.mx\/index.php\/wp-json\/wp\/v2\/categories?post=64572"},{"taxonomy":"post_tag","embeddable":true,"href":"https:\/\/lahora.mx\/index.php\/wp-json\/wp\/v2\/tags?post=64572"}],"curies":[{"name":"wp","href":"https:\/\/api.w.org\/{rel}","templated":true}]}}