{"id":64569,"date":"2025-07-04T17:23:35","date_gmt":"2025-07-04T17:23:35","guid":{"rendered":"https:\/\/lahora.mx\/?p=64569"},"modified":"2025-07-04T17:23:35","modified_gmt":"2025-07-04T17:23:35","slug":"advierten-riesgo-por-concentracion-de-datos-con-curp-biometrica-obligatoria","status":"publish","type":"post","link":"https:\/\/lahora.mx\/index.php\/2025\/07\/04\/advierten-riesgo-por-concentracion-de-datos-con-curp-biometrica-obligatoria\/","title":{"rendered":"Advierten riesgo por concentraci\u00f3n de datos con CURP biom\u00e9trica obligatoria"},"content":{"rendered":"\n<p>La creaci\u00f3n de la CURP biom\u00e9trica obligatoria provoca una concentraci\u00f3n desproporcionada de datos en la Secretar\u00eda de Gobernaci\u00f3n, a trav\u00e9s del Registro Nacional de Poblaci\u00f3n, advirti\u00f3 Ernesto Villanueva, investigador del Instituto de Investigaciones Jur\u00eddicas.<br>Eso, de entrada, es contrario a las pr\u00e1cticas democr\u00e1ticas internacionales, que evitan la concentraci\u00f3n de poder sobre datos personales,\u201d se\u00f1al\u00f3 el especialista en entrevista para la primera emisi\u00f3n de Imagen Radio, ya que el Ejecutivo no s\u00f3lo se convierte en \u201cel ente con acceso irrestricto a los datos, sino, tambi\u00e9n, en el encargado de su protecci\u00f3n\u201d, luego de la desaparici\u00f3n del Instituto Nacional de Transparencia, Acceso a la Informaci\u00f3n y Protecci\u00f3n de Datos Personales (Inai).<\/p>\n\n\n\n<p>Villanueva subray\u00f3 que esta concentraci\u00f3n va en contra pr\u00e1cticas democr\u00e1ticas internacionales y que puede facilitar formas de vigilancia en tiempo real, incluyendo a menores y adolescentes. \u201cEsto no es compatible con los est\u00e1ndares democr\u00e1ticos internacionales ni con el derecho convencional, es decir, con los tratados que M\u00e9xico ha firmado\u201d, indic\u00f3.<\/p>\n\n\n\n<p>Por ello, critic\u00f3 que el uso del documento sea obligatorio para acceder a bienes y servicios.<\/p>\n\n\n\n<p>La fe no puede sustituir al mandato legal, debemos tomar previsiones jur\u00eddicas, y aqu\u00ed no se est\u00e1n tomando,\u201d declar\u00f3.<\/p>\n","protected":false},"excerpt":{"rendered":"<p>La creaci\u00f3n de la CURP biom\u00e9trica obligatoria provoca una concentraci\u00f3n desproporcionada de datos en la Secretar\u00eda de Gobernaci\u00f3n, a trav\u00e9s del Registro Nacional de Poblaci\u00f3n, advirti\u00f3 Ernesto Villanueva, investigador del Instituto de Investigaciones Jur\u00eddicas.Eso, de entrada, es contrario a las pr\u00e1cticas democr\u00e1ticas internacionales, que evitan la concentraci\u00f3n de poder sobre datos personales,\u201d se\u00f1al\u00f3 el especialista [&hellip;]<\/p>\n","protected":false},"author":4,"featured_media":64570,"comment_status":"open","ping_status":"open","sticky":false,"template":"","format":"standard","meta":{"om_disable_all_campaigns":false,"_monsterinsights_skip_tracking":false,"_monsterinsights_sitenote_active":false,"_monsterinsights_sitenote_note":"","_monsterinsights_sitenote_category":0,"footnotes":""},"categories":[175],"tags":[223],"class_list":["post-64569","post","type-post","status-publish","format-standard","has-post-thumbnail","hentry","category-local","tag-puebla"],"amp_enabled":true,"_links":{"self":[{"href":"https:\/\/lahora.mx\/index.php\/wp-json\/wp\/v2\/posts\/64569","targetHints":{"allow":["GET"]}}],"collection":[{"href":"https:\/\/lahora.mx\/index.php\/wp-json\/wp\/v2\/posts"}],"about":[{"href":"https:\/\/lahora.mx\/index.php\/wp-json\/wp\/v2\/types\/post"}],"author":[{"embeddable":true,"href":"https:\/\/lahora.mx\/index.php\/wp-json\/wp\/v2\/users\/4"}],"replies":[{"embeddable":true,"href":"https:\/\/lahora.mx\/index.php\/wp-json\/wp\/v2\/comments?post=64569"}],"version-history":[{"count":1,"href":"https:\/\/lahora.mx\/index.php\/wp-json\/wp\/v2\/posts\/64569\/revisions"}],"predecessor-version":[{"id":64571,"href":"https:\/\/lahora.mx\/index.php\/wp-json\/wp\/v2\/posts\/64569\/revisions\/64571"}],"wp:featuredmedia":[{"embeddable":true,"href":"https:\/\/lahora.mx\/index.php\/wp-json\/wp\/v2\/media\/64570"}],"wp:attachment":[{"href":"https:\/\/lahora.mx\/index.php\/wp-json\/wp\/v2\/media?parent=64569"}],"wp:term":[{"taxonomy":"category","embeddable":true,"href":"https:\/\/lahora.mx\/index.php\/wp-json\/wp\/v2\/categories?post=64569"},{"taxonomy":"post_tag","embeddable":true,"href":"https:\/\/lahora.mx\/index.php\/wp-json\/wp\/v2\/tags?post=64569"}],"curies":[{"name":"wp","href":"https:\/\/api.w.org\/{rel}","templated":true}]}}