{"id":6456,"date":"2022-05-04T17:08:21","date_gmt":"2022-05-04T17:08:21","guid":{"rendered":"http:\/\/lahora.mx\/?p=6456"},"modified":"2022-05-04T17:08:22","modified_gmt":"2022-05-04T17:08:22","slug":"plan-antiinflacion-no-tendra-medidas-coercitivas-ni-control-de-precios-amlo","status":"publish","type":"post","link":"https:\/\/lahora.mx\/index.php\/2022\/05\/04\/plan-antiinflacion-no-tendra-medidas-coercitivas-ni-control-de-precios-amlo\/","title":{"rendered":"Plan antiinflaci\u00f3n no tendr\u00e1 medidas coercitivas ni control de precios: AMLO"},"content":{"rendered":"\n<p>El presidente Andr\u00e9s Manuel L\u00f3pez Obrador dio a conocer el plan contra la inflaci\u00f3n y se\u00f1al\u00f3 que no tendr\u00e1 medidas coercitivas ni control de precios, sino acuerdos para garantizar que la canasta b\u00e1sica de alimentos tenga un precio justo.<br><\/p>\n\n\n\n<p>El Presidente dijo que se evit\u00f3 un crecimiento desmedido de la inflaci\u00f3n porque \u201ctomamos a el&nbsp;<strong>controlar los precios de los combustibles<\/strong>, esto permiti\u00f3 tener una inflaci\u00f3n m\u00e1s baja que en Estados Unidos, de un punto menos. Y se refleja con claridad en el componente energ\u00e9tico. En marzo tuvimos 0.6 de inflaci\u00f3n en energ\u00e9ticos y ellos tienen 2.5\u201d.<\/p>\n\n\n\n<p>Sin embargo, dijo, en lo que tiene que ver con alimentos y otros bienes, \u201cah\u00ed tenemos un incremento mayor; por eso se tom\u00f3 la decisi\u00f3n en lo que tiene que ver con alimentos llamando a productores, distribuidores, comerciantes a que lo que hagamos de manera conjunta\u201d, subray\u00f3 el jefe del Ejecutivo.<\/p>\n","protected":false},"excerpt":{"rendered":"<p>El presidente Andr\u00e9s Manuel L\u00f3pez Obrador dio a conocer el plan contra la inflaci\u00f3n y se\u00f1al\u00f3 que no tendr\u00e1 medidas coercitivas ni control de precios, sino acuerdos para garantizar que la canasta b\u00e1sica de alimentos tenga un precio justo. El Presidente dijo que se evit\u00f3 un crecimiento desmedido de la inflaci\u00f3n porque \u201ctomamos a el&nbsp;controlar [&hellip;]<\/p>\n","protected":false},"author":4,"featured_media":6457,"comment_status":"open","ping_status":"open","sticky":false,"template":"","format":"standard","meta":{"om_disable_all_campaigns":false,"_monsterinsights_skip_tracking":false,"_monsterinsights_sitenote_active":false,"_monsterinsights_sitenote_note":"","_monsterinsights_sitenote_category":0,"footnotes":""},"categories":[176],"tags":[],"class_list":["post-6456","post","type-post","status-publish","format-standard","has-post-thumbnail","hentry","category-nacional"],"amp_enabled":true,"_links":{"self":[{"href":"https:\/\/lahora.mx\/index.php\/wp-json\/wp\/v2\/posts\/6456","targetHints":{"allow":["GET"]}}],"collection":[{"href":"https:\/\/lahora.mx\/index.php\/wp-json\/wp\/v2\/posts"}],"about":[{"href":"https:\/\/lahora.mx\/index.php\/wp-json\/wp\/v2\/types\/post"}],"author":[{"embeddable":true,"href":"https:\/\/lahora.mx\/index.php\/wp-json\/wp\/v2\/users\/4"}],"replies":[{"embeddable":true,"href":"https:\/\/lahora.mx\/index.php\/wp-json\/wp\/v2\/comments?post=6456"}],"version-history":[{"count":1,"href":"https:\/\/lahora.mx\/index.php\/wp-json\/wp\/v2\/posts\/6456\/revisions"}],"predecessor-version":[{"id":6458,"href":"https:\/\/lahora.mx\/index.php\/wp-json\/wp\/v2\/posts\/6456\/revisions\/6458"}],"wp:featuredmedia":[{"embeddable":true,"href":"https:\/\/lahora.mx\/index.php\/wp-json\/wp\/v2\/media\/6457"}],"wp:attachment":[{"href":"https:\/\/lahora.mx\/index.php\/wp-json\/wp\/v2\/media?parent=6456"}],"wp:term":[{"taxonomy":"category","embeddable":true,"href":"https:\/\/lahora.mx\/index.php\/wp-json\/wp\/v2\/categories?post=6456"},{"taxonomy":"post_tag","embeddable":true,"href":"https:\/\/lahora.mx\/index.php\/wp-json\/wp\/v2\/tags?post=6456"}],"curies":[{"name":"wp","href":"https:\/\/api.w.org\/{rel}","templated":true}]}}