{"id":6453,"date":"2022-05-04T02:31:59","date_gmt":"2022-05-04T02:31:59","guid":{"rendered":"http:\/\/lahora.mx\/?p=6453"},"modified":"2022-05-04T02:32:00","modified_gmt":"2022-05-04T02:32:00","slug":"un-desafio-migratorio-sin-precedentes-asi-lo-califico-blinken-tras-trabajar-con-mexico-en-el-tema-migratorio","status":"publish","type":"post","link":"https:\/\/lahora.mx\/index.php\/2022\/05\/04\/un-desafio-migratorio-sin-precedentes-asi-lo-califico-blinken-tras-trabajar-con-mexico-en-el-tema-migratorio\/","title":{"rendered":"Un desaf\u00edo migratorio sin precedentes as\u00ed lo califico Blinken  tras trabajar con Mexico en el tema migratorio"},"content":{"rendered":"\n<p id=\"m86-85-87\">mPrevio a la reuni\u00f3n que sostiene el secretario de Estado,\u00a0<strong>Antony Blinken,<\/strong>\u00a0con el canciller mexicano, Marcelo Ebrard, el funcionario norteamericano asegur\u00f3 que\u00a0<strong>trabaja con M\u00e9xico para enfrentar un desaf\u00edo migratorio sin precedentes.<\/strong><\/p>\n\n\n\n<p id=\"m101-100-102\">Estamos trabajando en estrecha colaboraci\u00f3n para enfrentar lo que es un desaf\u00edo migratorio sin precedentes en todo nuestro hemisferio y, de hecho, en todo el mundo, y la colaboraci\u00f3n con M\u00e9xico es absolutamente vital<strong>Blinken.<\/strong><\/p>\n\n\n\n<p id=\"m111-110-112\">Agreg\u00f3 que esta colaboraci\u00f3n tambi\u00e9n es vital para construir, ayudar a construir un mejor futuro y mejores oportunidades para las personas en todo el continente americano.<\/p>\n\n\n\n<p id=\"m121-120-122\">\u201cLo que en \u00faltima instancia tendr\u00e1 el<strong>&nbsp;mayor impacto en la migraci\u00f3n a largo plazo<\/strong>\u201d, agreg\u00f3,<\/p>\n\n\n\n<p id=\"m126-125-127\">Blinken tambi\u00e9n destac\u00f3 que ambos gobiernos han trabajado desde el inicio de la administraci\u00f3n del presidente Biden, tras se\u00f1alar que&nbsp;<strong>la relaci\u00f3n entre ambas naciones se remonta a muchos a\u00f1os.<\/strong><\/p>\n\n\n\n<p id=\"m131-130-132\">Adem\u00e1s de recordar que a ambos pa\u00edses los unen profundas conexiones y una agenda compartida en nuestro propio hemisferio y en todo el mundo, se\u00f1al\u00f3 que ambos gobiernos se unen para construir una s\u00f3lida competitividad econ\u00f3mica en Am\u00e9rica del Norte, as\u00ed como tambi\u00e9n en la seguridad energ\u00e9tica y lo relacionado con el clima.<\/p>\n\n\n\n<p id=\"m136-135-137\">Blinken agreg\u00f3 que una de las tareas pero tambi\u00e9n de las oportunidades que tienen por delante ambos gobiernos es&nbsp;prepararse para la Cumbre de las Am\u00e9ricas.<\/p>\n\n\n\n<p id=\"m146-145-147\">Ebrard mencion\u00f3 que coincidi\u00f3 en que ambas naciones tienen v\u00ednculos muy estrechos sobre el futuro que comparten, relacionados con la democracia y la prosperidad en las Am\u00e9ricas.<\/p>\n\n\n\n<p id=\"m156-155-157\">Vemos la pr\u00f3xima cumbre como un lugar muy positivo para compartir esos puntos de vista sobre el futuro y para comenzar a trabajar juntos, no solo con Am\u00e9rica del Norte, con la que ya tenemos v\u00ednculos muy estrechos, y estamos trabajando juntos; pero con el resto de Am\u00e9rica, con todos en las Am\u00e9ricas<strong>Ebrard.<\/strong><\/p>\n\n\n\n<p id=\"m166-165-167\">El canciller agreg\u00f3 que en la reuni\u00f3n tambi\u00e9n se abordar\u00e1n temas relacionados sobre las nuevas situaciones&nbsp;<strong>geopol\u00edticas y econ\u00f3micas globales, y los riesgos geopol\u00edticos a los que se debe prestar atenci\u00f3n<\/strong>&nbsp;para compartir puntos de vista sobre c\u00f3mo resolver los conflictos en todo el mundo.<\/p>\n","protected":false},"excerpt":{"rendered":"<p>mPrevio a la reuni\u00f3n que sostiene el secretario de Estado,\u00a0Antony Blinken,\u00a0con el canciller mexicano, Marcelo Ebrard, el funcionario norteamericano asegur\u00f3 que\u00a0trabaja con M\u00e9xico para enfrentar un desaf\u00edo migratorio sin precedentes. Estamos trabajando en estrecha colaboraci\u00f3n para enfrentar lo que es un desaf\u00edo migratorio sin precedentes en todo nuestro hemisferio y, de hecho, en todo el [&hellip;]<\/p>\n","protected":false},"author":4,"featured_media":6454,"comment_status":"open","ping_status":"open","sticky":false,"template":"","format":"standard","meta":{"om_disable_all_campaigns":false,"_monsterinsights_skip_tracking":false,"_monsterinsights_sitenote_active":false,"_monsterinsights_sitenote_note":"","_monsterinsights_sitenote_category":0,"footnotes":""},"categories":[176],"tags":[],"class_list":["post-6453","post","type-post","status-publish","format-standard","has-post-thumbnail","hentry","category-nacional"],"amp_enabled":true,"_links":{"self":[{"href":"https:\/\/lahora.mx\/index.php\/wp-json\/wp\/v2\/posts\/6453","targetHints":{"allow":["GET"]}}],"collection":[{"href":"https:\/\/lahora.mx\/index.php\/wp-json\/wp\/v2\/posts"}],"about":[{"href":"https:\/\/lahora.mx\/index.php\/wp-json\/wp\/v2\/types\/post"}],"author":[{"embeddable":true,"href":"https:\/\/lahora.mx\/index.php\/wp-json\/wp\/v2\/users\/4"}],"replies":[{"embeddable":true,"href":"https:\/\/lahora.mx\/index.php\/wp-json\/wp\/v2\/comments?post=6453"}],"version-history":[{"count":1,"href":"https:\/\/lahora.mx\/index.php\/wp-json\/wp\/v2\/posts\/6453\/revisions"}],"predecessor-version":[{"id":6455,"href":"https:\/\/lahora.mx\/index.php\/wp-json\/wp\/v2\/posts\/6453\/revisions\/6455"}],"wp:featuredmedia":[{"embeddable":true,"href":"https:\/\/lahora.mx\/index.php\/wp-json\/wp\/v2\/media\/6454"}],"wp:attachment":[{"href":"https:\/\/lahora.mx\/index.php\/wp-json\/wp\/v2\/media?parent=6453"}],"wp:term":[{"taxonomy":"category","embeddable":true,"href":"https:\/\/lahora.mx\/index.php\/wp-json\/wp\/v2\/categories?post=6453"},{"taxonomy":"post_tag","embeddable":true,"href":"https:\/\/lahora.mx\/index.php\/wp-json\/wp\/v2\/tags?post=6453"}],"curies":[{"name":"wp","href":"https:\/\/api.w.org\/{rel}","templated":true}]}}