{"id":64506,"date":"2025-07-03T23:06:21","date_gmt":"2025-07-03T23:06:21","guid":{"rendered":"https:\/\/lahora.mx\/?p=64506"},"modified":"2025-07-03T23:06:21","modified_gmt":"2025-07-03T23:06:21","slug":"por-seguridad-de-las-familias-gobierno-de-puebla-fortalece-operativos-en-carreteras","status":"publish","type":"post","link":"https:\/\/lahora.mx\/index.php\/2025\/07\/03\/por-seguridad-de-las-familias-gobierno-de-puebla-fortalece-operativos-en-carreteras\/","title":{"rendered":"Por seguridad de las familias, Gobierno de Puebla fortalece operativos en carreteras"},"content":{"rendered":"\n<p>Con total coordinaci\u00f3n la Secretar\u00eda de la Defensa Nacional, Polic\u00eda Estatal y Municipal, encabezaron el operativo \u00abAtoyatempan\u00bb en la junta auxiliar de Santa Mar\u00eda Xonacatepec y en la Carretera Federal Amozoc-Tepeaca, con el objetivo de revisar de manera aleatoria el transporte p\u00fablico, de carga y motocicletas, a fin de prevenir delitos, detectar armas o sustancias ilegales.<\/p>\n\n\n\n<p>Durante el operativo las y los elementos marcaron el alto a diversas unidades, se inform\u00f3 a los conductores y pasajeros sobre el procedimiento a seguir. El Sargento Segundo Jes\u00fas Ram\u00edrez Soriano, detall\u00f3 que al azar eligen veh\u00edculos sospechosos o con posible reporte de robo, con la finalidad de que las y los usuarios del transporte p\u00fablico viajen seguros y en paz.<\/p>\n\n\n\n<p>En Santa Mar\u00eda Xonacatepec las y los vecinos de la colonia Villa Guadalupe calificaron como positivo el despliegue de seguridad, ya que la zona se ha vuelto muy peligrosa y consideran que con la presencia del Ej\u00e9rcito, la Guardia Nacional y la Polic\u00eda se sienten m\u00e1s seguros. \u00abEst\u00e1 perfectamente bien porque la verdad nos genera confianza ante la inseguridad, por eso veo muy positivo este operativo\u00bb, afirm\u00f3 Pedro Carrera Mart\u00ednez.<\/p>\n\n\n\n<p>En tanto, en la Carretera Federal Amozoc-Tepeaca, Jos\u00e9 Morales V\u00e1zquez, originario de Ciudad Serd\u00e1n, coment\u00f3 que usa dicha vialidad para trasladarse e ir a trabajar, por ello consider\u00f3 como muy bueno el operativo, dado que se contribuye a la seguridad de los transportistas. En dicho punto, el elemento de la Polic\u00eda Estatal, Emanuel Pineda Hern\u00e1ndez, indic\u00f3 que desplegaron el dispositivo en esa zona para detectar veh\u00edculos con reporte de robo.<\/p>\n","protected":false},"excerpt":{"rendered":"<p>Con total coordinaci\u00f3n la Secretar\u00eda de la Defensa Nacional, Polic\u00eda Estatal y Municipal, encabezaron el operativo \u00abAtoyatempan\u00bb en la junta auxiliar de Santa Mar\u00eda Xonacatepec y en la Carretera Federal Amozoc-Tepeaca, con el objetivo de revisar de manera aleatoria el transporte p\u00fablico, de carga y motocicletas, a fin de prevenir delitos, detectar armas o sustancias [&hellip;]<\/p>\n","protected":false},"author":4,"featured_media":64507,"comment_status":"open","ping_status":"open","sticky":false,"template":"","format":"standard","meta":{"om_disable_all_campaigns":false,"_monsterinsights_skip_tracking":false,"_monsterinsights_sitenote_active":false,"_monsterinsights_sitenote_note":"","_monsterinsights_sitenote_category":0,"footnotes":""},"categories":[175],"tags":[223],"class_list":["post-64506","post","type-post","status-publish","format-standard","has-post-thumbnail","hentry","category-local","tag-puebla"],"amp_enabled":true,"_links":{"self":[{"href":"https:\/\/lahora.mx\/index.php\/wp-json\/wp\/v2\/posts\/64506","targetHints":{"allow":["GET"]}}],"collection":[{"href":"https:\/\/lahora.mx\/index.php\/wp-json\/wp\/v2\/posts"}],"about":[{"href":"https:\/\/lahora.mx\/index.php\/wp-json\/wp\/v2\/types\/post"}],"author":[{"embeddable":true,"href":"https:\/\/lahora.mx\/index.php\/wp-json\/wp\/v2\/users\/4"}],"replies":[{"embeddable":true,"href":"https:\/\/lahora.mx\/index.php\/wp-json\/wp\/v2\/comments?post=64506"}],"version-history":[{"count":1,"href":"https:\/\/lahora.mx\/index.php\/wp-json\/wp\/v2\/posts\/64506\/revisions"}],"predecessor-version":[{"id":64508,"href":"https:\/\/lahora.mx\/index.php\/wp-json\/wp\/v2\/posts\/64506\/revisions\/64508"}],"wp:featuredmedia":[{"embeddable":true,"href":"https:\/\/lahora.mx\/index.php\/wp-json\/wp\/v2\/media\/64507"}],"wp:attachment":[{"href":"https:\/\/lahora.mx\/index.php\/wp-json\/wp\/v2\/media?parent=64506"}],"wp:term":[{"taxonomy":"category","embeddable":true,"href":"https:\/\/lahora.mx\/index.php\/wp-json\/wp\/v2\/categories?post=64506"},{"taxonomy":"post_tag","embeddable":true,"href":"https:\/\/lahora.mx\/index.php\/wp-json\/wp\/v2\/tags?post=64506"}],"curies":[{"name":"wp","href":"https:\/\/api.w.org\/{rel}","templated":true}]}}