{"id":64493,"date":"2025-07-03T18:14:49","date_gmt":"2025-07-03T18:14:49","guid":{"rendered":"https:\/\/lahora.mx\/?p=64493"},"modified":"2025-07-03T18:14:49","modified_gmt":"2025-07-03T18:14:49","slug":"trasladan-a-renato-romero-a-cereso-de-cholula-queda-en-prision-preventiva","status":"publish","type":"post","link":"https:\/\/lahora.mx\/index.php\/2025\/07\/03\/trasladan-a-renato-romero-a-cereso-de-cholula-queda-en-prision-preventiva\/","title":{"rendered":"Trasladan a Renato Romero a Cereso de Cholula; queda en prisi\u00f3n preventiva"},"content":{"rendered":"\n<p>Renato Romero Camacho, activista en defensa de los recursos h\u00eddricos de la Cuenca Libres-Oriental, fue trasladado al Centro de Reinserci\u00f3n Social (Cereso) de San Pedro Cholula, luego de que un juez le impusiera la medida cautelar de prisi\u00f3n preventiva al determinar que no puede enfrentar su proceso penal en libertad.<\/p>\n\n\n\n<p>La informaci\u00f3n la confirm\u00f3 por su abogado Tonatiuh Sarabia tras concluir la audiencia llevada a cabo la tarde de ayer en la Casa de Justicia de San Andr\u00e9s Cholula. La diligencia inici\u00f3 a las 19:30 horas y concluy\u00f3 cerca de las 22:40.<\/p>\n\n\n\n<p>Tonatiuh Sarabia inform\u00f3 que ser\u00e1 el pr\u00f3ximo lunes 7 de julio, a las 07:30 horas, cuando se lleve a cabo la continuaci\u00f3n de la audiencia inicial, donde presentar\u00e1n datos de prueba y se definir\u00e1 si Renato Romero Camacho es vinculado a proceso o si se modifica la medida cautelar que le impusieron.<\/p>\n\n\n\n<p>Aunque Renato Romero vive en Puebla, buscan trasladarlo a Veracruz<br>El abogado del activista defensor del agua explic\u00f3 que, aunque hay constancia de que Renato Romero reside en el municipio de Ocotepec, Puebla, la autoridad judicial consider\u00f3 que su lugar de origen es Veracruz, lo cual implicar\u00eda su eventual traslado a ese estado.<\/p>\n\n\n\n<p>Por ello, la defensa trabaja en la obtenci\u00f3n de documentos oficiales que acrediten su domicilio en territorio poblano.<\/p>\n\n\n\n<p>Tras la resoluci\u00f3n del juez, el abogado defensor recomend\u00f3 a la familia del activista reunir la documentaci\u00f3n necesaria para que puedan visitarlo este jueves en el penal sanpedre\u00f1o.<\/p>\n\n\n\n<p>Te puede interesar:<\/p>\n\n\n\n<p>Con plant\u00f3n, exigen no vincular a proceso al activista Renato Romero<\/p>\n\n\n\n<p>flecha derecha<br>Detenci\u00f3n de Renato Romero, persecuci\u00f3n pol\u00edtica<br>Por su parte, Elia L\u00f3pez, esposa del activista y defensor del agua Renato Romero Camacho, expres\u00f3 su agradecimiento a las organizaciones y colectivos que han acompa\u00f1ado el caso.<\/p>\n\n\n\n<p>Consider\u00f3 que se trata de una persecuci\u00f3n con motivaciones pol\u00edticas y llam\u00f3 a fortalecer la coordinaci\u00f3n entre la defensa legal y las movilizaciones sociales.<\/p>\n\n\n\n<p>\u201cEl llamado es a mantenernos organizados, a no caer en provocaciones y a seguir defendiendo el agua\u201d, expres\u00f3 la tambi\u00e9n activista.<\/p>\n\n\n\n<p>Elia L\u00f3pez que su esposo se mantiene firme y convencido de la causa que defiende, por lo que reiter\u00f3 que continuar\u00e1n las acciones hasta lograr su liberaci\u00f3n.<\/p>\n\n\n\n<p>Tonatiuh Sarabia asegur\u00f3 que la defensa seguir\u00e1 revisando a fondo la carpeta de investigaci\u00f3n y recabando pruebas para demostrar la inocencia de Renato Romero, que enfrenta acusaciones por los delitos de despojo agravado y da\u00f1o en propiedad ajena.<\/p>\n\n\n\n<p>De acuerdo con el abogado, con sus familiares, conocidos, amigos y distintas organizaciones civiles, las acusaciones contra el activista se tratan de se\u00f1alamientos infundados que habr\u00edan sido fabricados por las autoridades.<\/p>\n","protected":false},"excerpt":{"rendered":"<p>Renato Romero Camacho, activista en defensa de los recursos h\u00eddricos de la Cuenca Libres-Oriental, fue trasladado al Centro de Reinserci\u00f3n Social (Cereso) de San Pedro Cholula, luego de que un juez le impusiera la medida cautelar de prisi\u00f3n preventiva al determinar que no puede enfrentar su proceso penal en libertad. La informaci\u00f3n la confirm\u00f3 por [&hellip;]<\/p>\n","protected":false},"author":4,"featured_media":64494,"comment_status":"open","ping_status":"open","sticky":false,"template":"","format":"standard","meta":{"om_disable_all_campaigns":false,"_monsterinsights_skip_tracking":false,"_monsterinsights_sitenote_active":false,"_monsterinsights_sitenote_note":"","_monsterinsights_sitenote_category":0,"footnotes":""},"categories":[175,226],"tags":[195],"class_list":["post-64493","post","type-post","status-publish","format-standard","has-post-thumbnail","hentry","category-local","category-policia","tag-principal"],"amp_enabled":true,"_links":{"self":[{"href":"https:\/\/lahora.mx\/index.php\/wp-json\/wp\/v2\/posts\/64493","targetHints":{"allow":["GET"]}}],"collection":[{"href":"https:\/\/lahora.mx\/index.php\/wp-json\/wp\/v2\/posts"}],"about":[{"href":"https:\/\/lahora.mx\/index.php\/wp-json\/wp\/v2\/types\/post"}],"author":[{"embeddable":true,"href":"https:\/\/lahora.mx\/index.php\/wp-json\/wp\/v2\/users\/4"}],"replies":[{"embeddable":true,"href":"https:\/\/lahora.mx\/index.php\/wp-json\/wp\/v2\/comments?post=64493"}],"version-history":[{"count":1,"href":"https:\/\/lahora.mx\/index.php\/wp-json\/wp\/v2\/posts\/64493\/revisions"}],"predecessor-version":[{"id":64495,"href":"https:\/\/lahora.mx\/index.php\/wp-json\/wp\/v2\/posts\/64493\/revisions\/64495"}],"wp:featuredmedia":[{"embeddable":true,"href":"https:\/\/lahora.mx\/index.php\/wp-json\/wp\/v2\/media\/64494"}],"wp:attachment":[{"href":"https:\/\/lahora.mx\/index.php\/wp-json\/wp\/v2\/media?parent=64493"}],"wp:term":[{"taxonomy":"category","embeddable":true,"href":"https:\/\/lahora.mx\/index.php\/wp-json\/wp\/v2\/categories?post=64493"},{"taxonomy":"post_tag","embeddable":true,"href":"https:\/\/lahora.mx\/index.php\/wp-json\/wp\/v2\/tags?post=64493"}],"curies":[{"name":"wp","href":"https:\/\/api.w.org\/{rel}","templated":true}]}}