{"id":64481,"date":"2025-07-03T15:27:24","date_gmt":"2025-07-03T15:27:24","guid":{"rendered":"https:\/\/lahora.mx\/?p=64481"},"modified":"2025-07-03T15:27:25","modified_gmt":"2025-07-03T15:27:25","slug":"ariadna-ayala-reforesta-en-el-puente-cantarranas-en-atlixco","status":"publish","type":"post","link":"https:\/\/lahora.mx\/index.php\/2025\/07\/03\/ariadna-ayala-reforesta-en-el-puente-cantarranas-en-atlixco\/","title":{"rendered":"Ariadna Ayala reforesta en el puente cantarranas en Atlixco"},"content":{"rendered":"\n<p>En una jornada que refleja el compromiso conjunto entre ciudadan\u00eda y gobierno, la presidenta municipal de Atlixco, Ariadna Ayala, encabez\u00f3 una actividad de limpieza y reforestaci\u00f3n en el puente Cantarranas, reafirmando su visi\u00f3n de construir un municipio m\u00e1s verde y sustentable.<\/p>\n\n\n\n<p>Acompa\u00f1ada por vecinos, autoridades municipales y personal del SOAPAMA, se lograron plantar m\u00e1s de 100 \u00e1rboles, entre magueyes, jacarandas, tulipanes africanos, fresnos y tabachines; especies que no solo embellecen, sino que contribuyen al equilibrio ambiental del entorno.<\/p>\n\n\n\n<p>\u201cEl trabajo en comunidad nos permite sumar esfuerzos para seguir embelleciendo Atlixco y cuidar nuestro entorno\u201d, expres\u00f3 Ariadna Ayala, quien tambi\u00e9n hizo un llamado a la acci\u00f3n colectiva desde los hogares: \u201cCada habitante puede contribuir al cuidado del medio ambiente: plantar un \u00e1rbol, barrer su banqueta o mantener limpios los espacios p\u00fablicos son gestos sencillos que hacen una gran diferencia. Atlixco es la casa de todas y todos\u201d.<\/p>\n\n\n\n<p>Con este tipo de iniciativas, el Gobierno de Atlixco promueve una cultura ambiental participativa, que fortalece el sentido de pertenencia y responsabilidad social, construyendo paso a paso una ciudad m\u00e1s habitable, sostenible y orgullosamente verde.<\/p>\n","protected":false},"excerpt":{"rendered":"<p>En una jornada que refleja el compromiso conjunto entre ciudadan\u00eda y gobierno, la presidenta municipal de Atlixco, Ariadna Ayala, encabez\u00f3 una actividad de limpieza y reforestaci\u00f3n en el puente Cantarranas, reafirmando su visi\u00f3n de construir un municipio m\u00e1s verde y sustentable. Acompa\u00f1ada por vecinos, autoridades municipales y personal del SOAPAMA, se lograron plantar m\u00e1s de [&hellip;]<\/p>\n","protected":false},"author":4,"featured_media":64482,"comment_status":"open","ping_status":"open","sticky":false,"template":"","format":"standard","meta":{"om_disable_all_campaigns":false,"_monsterinsights_skip_tracking":false,"_monsterinsights_sitenote_active":false,"_monsterinsights_sitenote_note":"","_monsterinsights_sitenote_category":0,"footnotes":""},"categories":[175],"tags":[223],"class_list":["post-64481","post","type-post","status-publish","format-standard","has-post-thumbnail","hentry","category-local","tag-puebla"],"amp_enabled":true,"_links":{"self":[{"href":"https:\/\/lahora.mx\/index.php\/wp-json\/wp\/v2\/posts\/64481","targetHints":{"allow":["GET"]}}],"collection":[{"href":"https:\/\/lahora.mx\/index.php\/wp-json\/wp\/v2\/posts"}],"about":[{"href":"https:\/\/lahora.mx\/index.php\/wp-json\/wp\/v2\/types\/post"}],"author":[{"embeddable":true,"href":"https:\/\/lahora.mx\/index.php\/wp-json\/wp\/v2\/users\/4"}],"replies":[{"embeddable":true,"href":"https:\/\/lahora.mx\/index.php\/wp-json\/wp\/v2\/comments?post=64481"}],"version-history":[{"count":1,"href":"https:\/\/lahora.mx\/index.php\/wp-json\/wp\/v2\/posts\/64481\/revisions"}],"predecessor-version":[{"id":64483,"href":"https:\/\/lahora.mx\/index.php\/wp-json\/wp\/v2\/posts\/64481\/revisions\/64483"}],"wp:featuredmedia":[{"embeddable":true,"href":"https:\/\/lahora.mx\/index.php\/wp-json\/wp\/v2\/media\/64482"}],"wp:attachment":[{"href":"https:\/\/lahora.mx\/index.php\/wp-json\/wp\/v2\/media?parent=64481"}],"wp:term":[{"taxonomy":"category","embeddable":true,"href":"https:\/\/lahora.mx\/index.php\/wp-json\/wp\/v2\/categories?post=64481"},{"taxonomy":"post_tag","embeddable":true,"href":"https:\/\/lahora.mx\/index.php\/wp-json\/wp\/v2\/tags?post=64481"}],"curies":[{"name":"wp","href":"https:\/\/api.w.org\/{rel}","templated":true}]}}