{"id":64469,"date":"2025-07-03T02:04:56","date_gmt":"2025-07-03T02:04:56","guid":{"rendered":"https:\/\/lahora.mx\/?p=64469"},"modified":"2025-07-03T02:04:57","modified_gmt":"2025-07-03T02:04:57","slug":"pepe-chedraui-encabeza-comite-de-etica-y-prevencion-de-conflictos-de-interes","status":"publish","type":"post","link":"https:\/\/lahora.mx\/index.php\/2025\/07\/03\/pepe-chedraui-encabeza-comite-de-etica-y-prevencion-de-conflictos-de-interes\/","title":{"rendered":"Pepe Chedraui encabeza Comit\u00e9 de \u00c9tica y Prevenci\u00f3n de Conflictos de Inter\u00e9s"},"content":{"rendered":"\n<p>El presidente municipal, Pepe Chedraui Budib, encabez\u00f3 la sesi\u00f3n de instalaci\u00f3n del Comit\u00e9 de \u00c9tica y Prevenci\u00f3n de Conflictos de Inter\u00e9s del Gobierno de la Ciudad.<\/p>\n\n\n\n<p>Este \u00f3rgano colegiado estar\u00e1 orientado a promover los principios y valores institucionales que rigen el servicio p\u00fablico, con el fin de prevenir conductas contrarias a la \u00e9tica y consolidar una gesti\u00f3n basada en la integridad.<\/p>\n\n\n\n<p>Pepe Chedraui encabeza Comit\u00e9 de \u00c9tica y Prevenci\u00f3n de Conflictos de Inter\u00e9s<br>El presidente municipal, Pepe Chedraui, destac\u00f3 que el Gobierno de la Ciudad impulsa la colaboraci\u00f3n institucional para consolidar una administraci\u00f3n que pone el orden desde sus dependencias con transparencia y compromiso.<\/p>\n\n\n\n<p>\u201cConf\u00edo enteramente en que, como integrantes de este \u00f3rgano, fortalecer\u00e1n las capacidades institucionales para actuar con responsabilidad, prevenir riesgos \u00e9ticos, evitar privilegios indebidos y atender de manera oportuna cualquier situaci\u00f3n que comprometa la legalidad o la confianza de la ciudadan\u00eda; por ello, seguiremos trabajando para una cultura organizacional \u00e9tica que nos permita poner el orden desde adentro comenzando por quienes tenemos la responsabilidad de servir\u201d, subray\u00f3.<\/p>\n\n\n\n<p>Pepe Chedraui encabeza Comit\u00e9 de \u00c9tica y Prevenci\u00f3n de Conflictos de Inter\u00e9s<br>El respaldo jur\u00eddico y el marco normativo de este comit\u00e9 se encuentran en el C\u00f3digo de \u00c9tica para las personas servidoras p\u00fablicas del Honorable Ayuntamiento del Municipio de Puebla, publicado en el Peri\u00f3dico Oficial del Estado de Puebla el pasado 23 de mayo.<\/p>\n","protected":false},"excerpt":{"rendered":"<p>El presidente municipal, Pepe Chedraui Budib, encabez\u00f3 la sesi\u00f3n de instalaci\u00f3n del Comit\u00e9 de \u00c9tica y Prevenci\u00f3n de Conflictos de Inter\u00e9s del Gobierno de la Ciudad. Este \u00f3rgano colegiado estar\u00e1 orientado a promover los principios y valores institucionales que rigen el servicio p\u00fablico, con el fin de prevenir conductas contrarias a la \u00e9tica y consolidar [&hellip;]<\/p>\n","protected":false},"author":4,"featured_media":64470,"comment_status":"open","ping_status":"open","sticky":false,"template":"","format":"standard","meta":{"om_disable_all_campaigns":false,"_monsterinsights_skip_tracking":false,"_monsterinsights_sitenote_active":false,"_monsterinsights_sitenote_note":"","_monsterinsights_sitenote_category":0,"footnotes":""},"categories":[175],"tags":[223],"class_list":["post-64469","post","type-post","status-publish","format-standard","has-post-thumbnail","hentry","category-local","tag-puebla"],"amp_enabled":true,"_links":{"self":[{"href":"https:\/\/lahora.mx\/index.php\/wp-json\/wp\/v2\/posts\/64469","targetHints":{"allow":["GET"]}}],"collection":[{"href":"https:\/\/lahora.mx\/index.php\/wp-json\/wp\/v2\/posts"}],"about":[{"href":"https:\/\/lahora.mx\/index.php\/wp-json\/wp\/v2\/types\/post"}],"author":[{"embeddable":true,"href":"https:\/\/lahora.mx\/index.php\/wp-json\/wp\/v2\/users\/4"}],"replies":[{"embeddable":true,"href":"https:\/\/lahora.mx\/index.php\/wp-json\/wp\/v2\/comments?post=64469"}],"version-history":[{"count":1,"href":"https:\/\/lahora.mx\/index.php\/wp-json\/wp\/v2\/posts\/64469\/revisions"}],"predecessor-version":[{"id":64471,"href":"https:\/\/lahora.mx\/index.php\/wp-json\/wp\/v2\/posts\/64469\/revisions\/64471"}],"wp:featuredmedia":[{"embeddable":true,"href":"https:\/\/lahora.mx\/index.php\/wp-json\/wp\/v2\/media\/64470"}],"wp:attachment":[{"href":"https:\/\/lahora.mx\/index.php\/wp-json\/wp\/v2\/media?parent=64469"}],"wp:term":[{"taxonomy":"category","embeddable":true,"href":"https:\/\/lahora.mx\/index.php\/wp-json\/wp\/v2\/categories?post=64469"},{"taxonomy":"post_tag","embeddable":true,"href":"https:\/\/lahora.mx\/index.php\/wp-json\/wp\/v2\/tags?post=64469"}],"curies":[{"name":"wp","href":"https:\/\/api.w.org\/{rel}","templated":true}]}}