{"id":64466,"date":"2025-07-03T01:02:27","date_gmt":"2025-07-03T01:02:27","guid":{"rendered":"https:\/\/lahora.mx\/?p=64466"},"modified":"2025-07-03T01:02:28","modified_gmt":"2025-07-03T01:02:28","slug":"suman-4487-poblanos-repatriados-en-2025-tras-la-llegada-de-trump-a-la-casa-blanca","status":"publish","type":"post","link":"https:\/\/lahora.mx\/index.php\/2025\/07\/03\/suman-4487-poblanos-repatriados-en-2025-tras-la-llegada-de-trump-a-la-casa-blanca\/","title":{"rendered":"Suman 4,487 poblanos repatriados en 2025 tras la llegada de Trump a la Casa Blanca"},"content":{"rendered":"\n<p>Del 1 de enero al 27 de junio de este a\u00f1o, suman 4 mil 487 poblanos que han sido deportados por los Estados Unidos, a quienes el gobierno del estado de Puebla les ha dado acompa\u00f1amiento.<br><br>Seg\u00fan coment\u00f3 Felipe David Espinoza Rodr\u00edguez, titular del Instituto Poblano de Asistencia al Migrante (IPAM)<strong>, 610 personas fueron en el periodo del 1 al 19 de enero del a\u00f1o, se hicieron en la administraci\u00f3n de Joe Biden.<\/strong><\/p>\n\n\n\n<p>Para el 27 de enero de este 2025,<strong>&nbsp;las cifras incrementaron a los 3 mil 877, tras las pol\u00edticas migratorias implementadas por Donald Trump, en su llegada a la Casa Blanca.<\/strong><\/p>\n\n\n\n<p>En ese sentido, precis\u00f3 que la Secretar\u00eda de Gobernaci\u00f3n (Segob) les da seguimiento para quienes quieran acceder a uno de los programas con la que cuenta el estado.<\/p>\n\n\n\n<p>\u201cHemos estado al pendiente de todas las personas que han sido repatriadas, la semana pasada nos llegaron tres de Chicago a quienes vamos a brindarles ayudan\u201d, inform\u00f3.<\/p>\n\n\n\n<p>En los \u00faltimos d\u00edas, retornaron a Puebla tres migrantes que fueron detenidos en Chicago, cuando iban rumbo al trabajo, los cuales no pudieron comprobar su estancia legal en el pa\u00eds.<\/p>\n\n\n\n<p>Por ello, el gobernador Alejandro Armenta Mier realiz\u00f3 la entrega formal de tres de los 10 cheques en total que se estar\u00e1n a connacionales para puedan ocuparlos en negocios que les permita generar recursos.<\/p>\n\n\n\n<p>Se trata de Carlos Higinio Carrasco, quien utilizar\u00e1 el recurso en poner una tienda de abarrotes; Carolina Huerta Leyva, una fonda de comida econ\u00f3mica; y Florencio Mart\u00ednez L\u00f3pez, un taller de carpinter\u00eda.<\/p>\n\n\n\n<p>Adem\u00e1s, el gobierno apoya con el programa reencuentro familiar y la certificaci\u00f3n de competencias y capacitaciones para acreditar habilitades que adquirieron en&nbsp;el&nbsp;extranjero.<\/p>\n","protected":false},"excerpt":{"rendered":"<p>Del 1 de enero al 27 de junio de este a\u00f1o, suman 4 mil 487 poblanos que han sido deportados por los Estados Unidos, a quienes el gobierno del estado de Puebla les ha dado acompa\u00f1amiento. Seg\u00fan coment\u00f3 Felipe David Espinoza Rodr\u00edguez, titular del Instituto Poblano de Asistencia al Migrante (IPAM), 610 personas fueron en [&hellip;]<\/p>\n","protected":false},"author":4,"featured_media":64467,"comment_status":"open","ping_status":"open","sticky":false,"template":"","format":"standard","meta":{"om_disable_all_campaigns":false,"_monsterinsights_skip_tracking":false,"_monsterinsights_sitenote_active":false,"_monsterinsights_sitenote_note":"","_monsterinsights_sitenote_category":0,"footnotes":""},"categories":[175],"tags":[],"class_list":["post-64466","post","type-post","status-publish","format-standard","has-post-thumbnail","hentry","category-local"],"amp_enabled":true,"_links":{"self":[{"href":"https:\/\/lahora.mx\/index.php\/wp-json\/wp\/v2\/posts\/64466","targetHints":{"allow":["GET"]}}],"collection":[{"href":"https:\/\/lahora.mx\/index.php\/wp-json\/wp\/v2\/posts"}],"about":[{"href":"https:\/\/lahora.mx\/index.php\/wp-json\/wp\/v2\/types\/post"}],"author":[{"embeddable":true,"href":"https:\/\/lahora.mx\/index.php\/wp-json\/wp\/v2\/users\/4"}],"replies":[{"embeddable":true,"href":"https:\/\/lahora.mx\/index.php\/wp-json\/wp\/v2\/comments?post=64466"}],"version-history":[{"count":1,"href":"https:\/\/lahora.mx\/index.php\/wp-json\/wp\/v2\/posts\/64466\/revisions"}],"predecessor-version":[{"id":64468,"href":"https:\/\/lahora.mx\/index.php\/wp-json\/wp\/v2\/posts\/64466\/revisions\/64468"}],"wp:featuredmedia":[{"embeddable":true,"href":"https:\/\/lahora.mx\/index.php\/wp-json\/wp\/v2\/media\/64467"}],"wp:attachment":[{"href":"https:\/\/lahora.mx\/index.php\/wp-json\/wp\/v2\/media?parent=64466"}],"wp:term":[{"taxonomy":"category","embeddable":true,"href":"https:\/\/lahora.mx\/index.php\/wp-json\/wp\/v2\/categories?post=64466"},{"taxonomy":"post_tag","embeddable":true,"href":"https:\/\/lahora.mx\/index.php\/wp-json\/wp\/v2\/tags?post=64466"}],"curies":[{"name":"wp","href":"https:\/\/api.w.org\/{rel}","templated":true}]}}