{"id":64462,"date":"2025-07-03T00:42:53","date_gmt":"2025-07-03T00:42:53","guid":{"rendered":"https:\/\/lahora.mx\/?p=64462"},"modified":"2025-07-03T00:42:53","modified_gmt":"2025-07-03T00:42:53","slug":"ahora-si-tiras-basura-en-las-calle-de-atlixco-podrias-ser-detenido","status":"publish","type":"post","link":"https:\/\/lahora.mx\/index.php\/2025\/07\/03\/ahora-si-tiras-basura-en-las-calle-de-atlixco-podrias-ser-detenido\/","title":{"rendered":"Ahora si tiras basura en las calle de Atlixco podr\u00edas ser detenido"},"content":{"rendered":"\n<p>En un llamado urgente a la conciencia ciudadana, autoridades locales exhortaron a la poblaci\u00f3n a dejar de tirar basura en la v\u00eda p\u00fablica porque est\u00e1 provocando graves afectaciones en el sistema de drenaje y alcantarillado del municipio.<br><br>Esto es m\u00e1s de una s\u00faplica, es un grito de alarma\u201d, expres\u00f3 la alcaldesa Ariadna Ayala al advertir las coladeras tapadas por residuos est\u00e1n incrementando los riesgos de inundaciones durante la temporada de lluvias. \u201cA veces uno no se imagina el da\u00f1o a toda la comunidad con ese tipo de comportamiento. Es contra nosotros mismos\u201d, agreg\u00f3.<\/p>\n\n\n\n<p>De acuerdo con el reglamento de servicios p\u00fablicos municipales, actualizado durante la administraci\u00f3n pasada, tirar basura en lugares no autorizados es una infracci\u00f3n la cual amerita sanciones severas. Entre ellas se contempla incluso la detenci\u00f3n del infractor y su puesta a disposici\u00f3n ante el juzgado calificador.<\/p>\n\n\n\n<p>Las autoridades recordaron estas medidas, adem\u00e1s de no ser nuevas, ya cuentan con sustento jur\u00eddico desde 2021 cuando se reform\u00f3 el reglamento con el objetivo de preservar el medio ambiente y prevenir emergencias derivadas del colapso del sistema pluvial.<\/p>\n\n\n\n<p>El llamado a los atlixquenses es claro: no tirar basura en la calle y en los espacios p\u00fablicos. La participaci\u00f3n de la sociedad es crucial para evitar las lluvias provoquen desastres urbanos evitables, cerr\u00f3 Ayala.<\/p>\n","protected":false},"excerpt":{"rendered":"<p>En un llamado urgente a la conciencia ciudadana, autoridades locales exhortaron a la poblaci\u00f3n a dejar de tirar basura en la v\u00eda p\u00fablica porque est\u00e1 provocando graves afectaciones en el sistema de drenaje y alcantarillado del municipio. Esto es m\u00e1s de una s\u00faplica, es un grito de alarma\u201d, expres\u00f3 la alcaldesa Ariadna Ayala al advertir [&hellip;]<\/p>\n","protected":false},"author":4,"featured_media":64463,"comment_status":"open","ping_status":"open","sticky":false,"template":"","format":"standard","meta":{"om_disable_all_campaigns":false,"_monsterinsights_skip_tracking":false,"_monsterinsights_sitenote_active":false,"_monsterinsights_sitenote_note":"","_monsterinsights_sitenote_category":0,"footnotes":""},"categories":[175],"tags":[223],"class_list":["post-64462","post","type-post","status-publish","format-standard","has-post-thumbnail","hentry","category-local","tag-puebla"],"amp_enabled":true,"_links":{"self":[{"href":"https:\/\/lahora.mx\/index.php\/wp-json\/wp\/v2\/posts\/64462","targetHints":{"allow":["GET"]}}],"collection":[{"href":"https:\/\/lahora.mx\/index.php\/wp-json\/wp\/v2\/posts"}],"about":[{"href":"https:\/\/lahora.mx\/index.php\/wp-json\/wp\/v2\/types\/post"}],"author":[{"embeddable":true,"href":"https:\/\/lahora.mx\/index.php\/wp-json\/wp\/v2\/users\/4"}],"replies":[{"embeddable":true,"href":"https:\/\/lahora.mx\/index.php\/wp-json\/wp\/v2\/comments?post=64462"}],"version-history":[{"count":1,"href":"https:\/\/lahora.mx\/index.php\/wp-json\/wp\/v2\/posts\/64462\/revisions"}],"predecessor-version":[{"id":64464,"href":"https:\/\/lahora.mx\/index.php\/wp-json\/wp\/v2\/posts\/64462\/revisions\/64464"}],"wp:featuredmedia":[{"embeddable":true,"href":"https:\/\/lahora.mx\/index.php\/wp-json\/wp\/v2\/media\/64463"}],"wp:attachment":[{"href":"https:\/\/lahora.mx\/index.php\/wp-json\/wp\/v2\/media?parent=64462"}],"wp:term":[{"taxonomy":"category","embeddable":true,"href":"https:\/\/lahora.mx\/index.php\/wp-json\/wp\/v2\/categories?post=64462"},{"taxonomy":"post_tag","embeddable":true,"href":"https:\/\/lahora.mx\/index.php\/wp-json\/wp\/v2\/tags?post=64462"}],"curies":[{"name":"wp","href":"https:\/\/api.w.org\/{rel}","templated":true}]}}