{"id":6446,"date":"2022-05-04T02:18:01","date_gmt":"2022-05-04T02:18:01","guid":{"rendered":"http:\/\/lahora.mx\/?p=6446"},"modified":"2022-05-12T12:30:29","modified_gmt":"2022-05-12T12:30:29","slug":"buap-lanza-encuesta-nacional-sobre-la-discapacidad-discriminacion-y-diversidad-en-la-universidad","status":"publish","type":"post","link":"https:\/\/lahora.mx\/index.php\/2022\/05\/04\/buap-lanza-encuesta-nacional-sobre-la-discapacidad-discriminacion-y-diversidad-en-la-universidad\/","title":{"rendered":"BUAP lanza encuesta Nacional sobre la Discapacidad discriminaci\u00f3n y Diversidad en la Universidad"},"content":{"rendered":"\n<p>La Rectora Lilia Cedillo Ram\u00edrez presidi\u00f3 el lanzamiento de la Encuesta Nacional de Discapacidad, Discriminaci\u00f3n y Diversidad Universitaria (ENDDDU), impulsada por la Direcci\u00f3n Institucional de Igualdad de G\u00e9nero (DIIGE), cuyo fin es recopilar informaci\u00f3n veraz sobre diferencias, condiciones y necesidades de la poblaci\u00f3n con discapacidad y las diversidades, para generar una pol\u00edtica de inclusi\u00f3n e igualdad.<\/p>\n\n\n\n<p>En su mensaje, la doctora Lilia Cedillo Ram\u00edrez subray\u00f3 que esta encuesta permitir\u00e1 tener un diagn\u00f3stico de c\u00f3mo estamos como instituci\u00f3n en este tema, para tomar las medidas y acciones pertinentes. Y es que de acuerdo con la Red de Inclusi\u00f3n BUAP (RIBUAP), casi 20 por ciento de la poblaci\u00f3n con alguna discapacidad en M\u00e9xico es analfabeta; mientras que entre la poblaci\u00f3n sin discapacidad son el 4 por ciento.<\/p>\n\n\n\n<p>Nicias Sejas Garc\u00eda, integrante de la RIBUAP y docente del Colegio de Dise\u00f1o Gr\u00e1fico de la BUAP, abund\u00f3 que en nuestro pa\u00eds 20.8 millones de personas tienen alguna discapacidad o limitaci\u00f3n, de las cuales 1.7 millones est\u00e1n en edad para estudiar una licenciatura. Sin embargo, s\u00f3lo 5.1 por ciento de los mayores de 25 a\u00f1os llega a este grado de estudio. Otro dato importante es que s\u00f3lo 9 de las 43 universidades p\u00fablicas del pa\u00eds tienen alg\u00fan registro en estrategias de inclusi\u00f3n.<\/p>\n\n\n\n<p>Ante este escenario, la Rectora Lilia Cedillo Ram\u00edrez agradeci\u00f3 a los impulsores de esta iniciativa y record\u00f3 que \u201ccon el Plan de Desarrollo Institucional se busca una nueva cultura universitaria: abierta, incluyente, innovadora, respetuosa, pero sobre todo responsable y solidaria\u201d. Por ello, invit\u00f3 a toda la comunidad universitaria a participar en esta encuesta que abonar\u00e1 a una mejor instituci\u00f3n.<\/p>\n\n\n\n<p>A su vez, la titular de la DIIGE, Mar\u00eda del Carmen Garc\u00eda Aguilar, agradeci\u00f3 el apoyo de la Rectora Lilia Cedillo por impulsar esta encuesta que contribuir\u00e1 a recolectar datos para tener un conocimiento certero sobre la situaci\u00f3n de la poblaci\u00f3n con alguna discapacidad y las diversidades. A partir de estos resultados, dijo: \u201cQueremos generar una pol\u00edtica de igualdad e inclusi\u00f3n, que permita que todas las personas que integran nuestras comunidades gocen de accesos y convivencias sanas, con la finalidad de que su desarrollo acad\u00e9mico y profesional est\u00e9 garantizado\u201d.&nbsp;<\/p>\n\n\n\n<p>Finalmente, la doctora Lilia Cedillo invit\u00f3 a participar en esta iniciativa y responder la encuesta en la p\u00e1gina&nbsp;<a href=\"http:\/\/www.endddu.com\/\">www.endddu.com<\/a>.<\/p>\n","protected":false},"excerpt":{"rendered":"<p>La Rectora Lilia Cedillo Ram\u00edrez presidi\u00f3 el lanzamiento de la Encuesta Nacional de Discapacidad, Discriminaci\u00f3n y Diversidad Universitaria (ENDDDU), impulsada por la Direcci\u00f3n Institucional de Igualdad de G\u00e9nero (DIIGE), cuyo fin es recopilar informaci\u00f3n veraz sobre diferencias, condiciones y necesidades de la poblaci\u00f3n con discapacidad y las diversidades, para generar una pol\u00edtica de inclusi\u00f3n e [&hellip;]<\/p>\n","protected":false},"author":4,"featured_media":6447,"comment_status":"open","ping_status":"open","sticky":false,"template":"","format":"standard","meta":{"om_disable_all_campaigns":false,"_monsterinsights_skip_tracking":false,"_monsterinsights_sitenote_active":false,"_monsterinsights_sitenote_note":"","_monsterinsights_sitenote_category":0,"footnotes":""},"categories":[175],"tags":[186,223],"class_list":["post-6446","post","type-post","status-publish","format-standard","has-post-thumbnail","hentry","category-local","tag-buap","tag-puebla"],"amp_enabled":true,"_links":{"self":[{"href":"https:\/\/lahora.mx\/index.php\/wp-json\/wp\/v2\/posts\/6446","targetHints":{"allow":["GET"]}}],"collection":[{"href":"https:\/\/lahora.mx\/index.php\/wp-json\/wp\/v2\/posts"}],"about":[{"href":"https:\/\/lahora.mx\/index.php\/wp-json\/wp\/v2\/types\/post"}],"author":[{"embeddable":true,"href":"https:\/\/lahora.mx\/index.php\/wp-json\/wp\/v2\/users\/4"}],"replies":[{"embeddable":true,"href":"https:\/\/lahora.mx\/index.php\/wp-json\/wp\/v2\/comments?post=6446"}],"version-history":[{"count":2,"href":"https:\/\/lahora.mx\/index.php\/wp-json\/wp\/v2\/posts\/6446\/revisions"}],"predecessor-version":[{"id":13221,"href":"https:\/\/lahora.mx\/index.php\/wp-json\/wp\/v2\/posts\/6446\/revisions\/13221"}],"wp:featuredmedia":[{"embeddable":true,"href":"https:\/\/lahora.mx\/index.php\/wp-json\/wp\/v2\/media\/6447"}],"wp:attachment":[{"href":"https:\/\/lahora.mx\/index.php\/wp-json\/wp\/v2\/media?parent=6446"}],"wp:term":[{"taxonomy":"category","embeddable":true,"href":"https:\/\/lahora.mx\/index.php\/wp-json\/wp\/v2\/categories?post=6446"},{"taxonomy":"post_tag","embeddable":true,"href":"https:\/\/lahora.mx\/index.php\/wp-json\/wp\/v2\/tags?post=6446"}],"curies":[{"name":"wp","href":"https:\/\/api.w.org\/{rel}","templated":true}]}}