{"id":64454,"date":"2025-07-03T00:33:38","date_gmt":"2025-07-03T00:33:38","guid":{"rendered":"https:\/\/lahora.mx\/?p=64454"},"modified":"2025-07-03T00:33:39","modified_gmt":"2025-07-03T00:33:39","slug":"con-globos-y-flores-dan-ultimo-adios-a-nino-asesinado-en-san-andres-cholula","status":"publish","type":"post","link":"https:\/\/lahora.mx\/index.php\/2025\/07\/03\/con-globos-y-flores-dan-ultimo-adios-a-nino-asesinado-en-san-andres-cholula\/","title":{"rendered":"Con globos y flores, dan \u00faltimo adi\u00f3s a ni\u00f1o asesinado en San Andr\u00e9s Cholula"},"content":{"rendered":"\n<p>Este mi\u00e9rcoles por la tarde dieron el \u00faltimo adi\u00f3s al ni\u00f1o de apenas siete a\u00f1os de edad que muri\u00f3 presuntamente asfixiado por su madre en el municipio de San Andr\u00e9s Cholula, Puebla.<br><br>Con el dolor que representa este hecho, familiares y amigos, encabezaron el cortejo f\u00fanebre que perdi\u00f3 la vida, al parecer, v\u00edctima de su propia madre.<\/p>\n\n\n\n<p>Acompa\u00f1ados por una banda de m\u00fasica, dicho cortejo recorri\u00f3 algunas calles de esta demarcaci\u00f3n, quienes portaban globos blancos y flores, quienes exigen justicia en torno a la muerte del menor.<\/p>\n\n\n\n<p>El peque\u00f1o fue sepultado en el pante\u00f3n de la cabecera municipal.<\/p>\n\n\n\n<p>Detiene Polic\u00eda de San Andr\u00e9s Cholula a presunta responsable<\/p>\n\n\n\n<p>Derivado de los patrullajes coordinados entre el Ej\u00e9rcito Mexicano, la Guardia Nacional, la Polic\u00eda Estatal, la Secretar\u00eda de Seguridad P\u00fablica y Protecci\u00f3n Ciudadana (SSPPC) de San Andr\u00e9s Cholula, fue detenida en la cabecera municipal, Edith \u201cN\u201d., quien cuenta con 47 a\u00f1os de edad, por su probable responsabilidad en el delito de homicidio doloso en grado de parentesco.<\/p>\n\n\n\n<p>Dicho despliegue de fuerzas de seguridad se activ\u00f3 despu\u00e9s de un reporte de emergencia relacionado con una persona menor de edad inconsciente al interior de un domicilio ubicado en la calle 4 Oriente. A su arribo, param\u00e9dicos de Protecci\u00f3n Civil confirmaron que un ni\u00f1o de apenas siete a\u00f1os de edad ya no presentaba signos vitales. El cuerpo mostraba indicios de haber perdido la vida varias horas antes del llamado a los servicios de emergencia.<\/p>\n\n\n\n<p>La persona menor de edad estaba bajo el cuidado de Edith \u201cN\u201d., quien afirm\u00f3 ser su madre y presentaba, aparentemente, un deterioro cognitivo. Durante la intervenci\u00f3n, surgieron indicios que apuntan a su presunta responsabilidad por posible asfixia.<\/p>\n\n\n\n<p>Tras estos hechos, la mujer fue detenida y puesta a disposici\u00f3n del Ministerio P\u00fablico para determinar su situaci\u00f3n jur\u00eddica.<\/p>\n","protected":false},"excerpt":{"rendered":"<p>Este mi\u00e9rcoles por la tarde dieron el \u00faltimo adi\u00f3s al ni\u00f1o de apenas siete a\u00f1os de edad que muri\u00f3 presuntamente asfixiado por su madre en el municipio de San Andr\u00e9s Cholula, Puebla. Con el dolor que representa este hecho, familiares y amigos, encabezaron el cortejo f\u00fanebre que perdi\u00f3 la vida, al parecer, v\u00edctima de su [&hellip;]<\/p>\n","protected":false},"author":4,"featured_media":64455,"comment_status":"open","ping_status":"open","sticky":false,"template":"","format":"standard","meta":{"om_disable_all_campaigns":false,"_monsterinsights_skip_tracking":false,"_monsterinsights_sitenote_active":false,"_monsterinsights_sitenote_note":"","_monsterinsights_sitenote_category":0,"footnotes":""},"categories":[175],"tags":[234,223],"class_list":["post-64454","post","type-post","status-publish","format-standard","has-post-thumbnail","hentry","category-local","tag-cholula","tag-puebla"],"amp_enabled":true,"_links":{"self":[{"href":"https:\/\/lahora.mx\/index.php\/wp-json\/wp\/v2\/posts\/64454","targetHints":{"allow":["GET"]}}],"collection":[{"href":"https:\/\/lahora.mx\/index.php\/wp-json\/wp\/v2\/posts"}],"about":[{"href":"https:\/\/lahora.mx\/index.php\/wp-json\/wp\/v2\/types\/post"}],"author":[{"embeddable":true,"href":"https:\/\/lahora.mx\/index.php\/wp-json\/wp\/v2\/users\/4"}],"replies":[{"embeddable":true,"href":"https:\/\/lahora.mx\/index.php\/wp-json\/wp\/v2\/comments?post=64454"}],"version-history":[{"count":1,"href":"https:\/\/lahora.mx\/index.php\/wp-json\/wp\/v2\/posts\/64454\/revisions"}],"predecessor-version":[{"id":64456,"href":"https:\/\/lahora.mx\/index.php\/wp-json\/wp\/v2\/posts\/64454\/revisions\/64456"}],"wp:featuredmedia":[{"embeddable":true,"href":"https:\/\/lahora.mx\/index.php\/wp-json\/wp\/v2\/media\/64455"}],"wp:attachment":[{"href":"https:\/\/lahora.mx\/index.php\/wp-json\/wp\/v2\/media?parent=64454"}],"wp:term":[{"taxonomy":"category","embeddable":true,"href":"https:\/\/lahora.mx\/index.php\/wp-json\/wp\/v2\/categories?post=64454"},{"taxonomy":"post_tag","embeddable":true,"href":"https:\/\/lahora.mx\/index.php\/wp-json\/wp\/v2\/tags?post=64454"}],"curies":[{"name":"wp","href":"https:\/\/api.w.org\/{rel}","templated":true}]}}