{"id":64415,"date":"2025-07-02T02:13:04","date_gmt":"2025-07-02T02:13:04","guid":{"rendered":"https:\/\/lahora.mx\/?p=64415"},"modified":"2025-07-02T02:13:05","modified_gmt":"2025-07-02T02:13:05","slug":"inicia-en-puebla-la-verificacion-vehicular-con-cita-previa-obligatoriaa-partir-de-este-1-de-julio-in","status":"publish","type":"post","link":"https:\/\/lahora.mx\/index.php\/2025\/07\/02\/inicia-en-puebla-la-verificacion-vehicular-con-cita-previa-obligatoriaa-partir-de-este-1-de-julio-in\/","title":{"rendered":"Inicia en Puebla la verificaci\u00f3n vehicular con cita previa obligatoriaA partir de este 1 de julio in"},"content":{"rendered":"\n<p>Desde este martes 1 de julio inici\u00f3 en Puebla el periodo obligatorio de verificaci\u00f3n vehicular correspondiente al segundo semestre de 2025. El tr\u00e1mite se realiza con cita previa y aplica a todas las unidades con placas del estado, conforme al calendario oficial basado en el \u00faltimo d\u00edgito de la matr\u00edcula.<\/p>\n\n\n\n<p>La Secretar\u00eda de Medio Ambiente, Desarrollo Sustentable y Ordenamiento Territorial inform\u00f3 que el nuevo periodo de verificaci\u00f3n vehicular ya est\u00e1 en marcha. A partir de este mes, todos los automovilistas registrados en Puebla deber\u00e1n cumplir con la revisi\u00f3n ambiental de sus unidades, siempre que hayan verificado previamente en el primer semestre.<\/p>\n\n\n\n<p>\u00bfCu\u00e1ndo me toca verificar?<br>El calendario para el segundo semestre de 2025 queda establecido de la siguiente forma:<\/p>\n\n\n\n<p>D\u00edgito de placa Periodo para verificar<\/p>\n\n\n\n<p>5 \u2013 6 Julio \u2013 Agosto<br>7 \u2013 8 Agosto \u2013 Septiembre<br>3 \u2013 4 Septiembre \u2013 Octubre<br>1 \u2013 2 Octubre \u2013 Noviembre<br>9 \u2013 0 Noviembre \u2013 Diciembre<br>Para poder cumplir con este tr\u00e1mite, es indispensable haber realizado la verificaci\u00f3n en el primer semestre. En caso de omisi\u00f3n, los propietarios deber\u00e1n pagar una multa de verificaci\u00f3n extempor\u00e1nea de 2 mil 165 pesos, equivalente a 20 UMAs.<\/p>\n\n\n\n<p>\u00bfCu\u00e1nto cuesta verificar?<br>Los costos vigentes para este segundo semestre son los siguientes:<\/p>\n\n\n\n<p>Veh\u00edculos de combusti\u00f3n interna: 628 pesos<br>Autos h\u00edbridos o el\u00e9ctricos: 245 pesos<br>Unidades for\u00e1neas (testificaci\u00f3n): 230 pesos<br>La verificaci\u00f3n debe realizarse exclusivamente con cita previa, la cual puede agendarse en el portal oficial citasenlinea.puebla.gob.mx, o a trav\u00e9s del correo electr\u00f3nico verificacion.vehicular@puebla.gob.mx. Tambi\u00e9n est\u00e1n disponibles las l\u00edneas telef\u00f3nicas 222 273 6800 ext. 1248 y 222 227 9331.<br>\u00bfD\u00f3nde puedo verificar?<br>Actualmente, operan m\u00e1s de 30 centros de verificaci\u00f3n autorizados en distintos municipios del estado, incluyendo Puebla capital, Cuautlancingo, San Andr\u00e9s, Cholula, Amozoc, Atlixco, Tehuac\u00e1n.<\/p>\n\n\n\n<p>La lista completa puede consultarse en el sitio de la Secretar\u00eda de Medio Ambiente.<\/p>\n\n\n\n<p>\u00bfQu\u00e9 pasa si no verifico?<br>No cumplir con la verificaci\u00f3n en el periodo que marca el calendario conlleva una multa de 20 UMAs (aproximadamente 2 mil 171 pesos). Adem\u00e1s, los veh\u00edculos sin holograma vigente pueden ser m\u00e1s vulnerables a detenciones arbitrarias, intentos de extorsi\u00f3n o problemas legales.<\/p>\n\n\n\n<p>Por eso, las autoridades exhortan a los automovilistas a realizar el tr\u00e1mite en tiempo y forma, evitando sanciones y contratiempos.<\/p>\n","protected":false},"excerpt":{"rendered":"<p>Desde este martes 1 de julio inici\u00f3 en Puebla el periodo obligatorio de verificaci\u00f3n vehicular correspondiente al segundo semestre de 2025. El tr\u00e1mite se realiza con cita previa y aplica a todas las unidades con placas del estado, conforme al calendario oficial basado en el \u00faltimo d\u00edgito de la matr\u00edcula. La Secretar\u00eda de Medio Ambiente, [&hellip;]<\/p>\n","protected":false},"author":4,"featured_media":64416,"comment_status":"open","ping_status":"open","sticky":false,"template":"","format":"standard","meta":{"om_disable_all_campaigns":false,"_monsterinsights_skip_tracking":false,"_monsterinsights_sitenote_active":false,"_monsterinsights_sitenote_note":"","_monsterinsights_sitenote_category":0,"footnotes":""},"categories":[175],"tags":[195,223],"class_list":["post-64415","post","type-post","status-publish","format-standard","has-post-thumbnail","hentry","category-local","tag-principal","tag-puebla"],"amp_enabled":true,"_links":{"self":[{"href":"https:\/\/lahora.mx\/index.php\/wp-json\/wp\/v2\/posts\/64415","targetHints":{"allow":["GET"]}}],"collection":[{"href":"https:\/\/lahora.mx\/index.php\/wp-json\/wp\/v2\/posts"}],"about":[{"href":"https:\/\/lahora.mx\/index.php\/wp-json\/wp\/v2\/types\/post"}],"author":[{"embeddable":true,"href":"https:\/\/lahora.mx\/index.php\/wp-json\/wp\/v2\/users\/4"}],"replies":[{"embeddable":true,"href":"https:\/\/lahora.mx\/index.php\/wp-json\/wp\/v2\/comments?post=64415"}],"version-history":[{"count":1,"href":"https:\/\/lahora.mx\/index.php\/wp-json\/wp\/v2\/posts\/64415\/revisions"}],"predecessor-version":[{"id":64417,"href":"https:\/\/lahora.mx\/index.php\/wp-json\/wp\/v2\/posts\/64415\/revisions\/64417"}],"wp:featuredmedia":[{"embeddable":true,"href":"https:\/\/lahora.mx\/index.php\/wp-json\/wp\/v2\/media\/64416"}],"wp:attachment":[{"href":"https:\/\/lahora.mx\/index.php\/wp-json\/wp\/v2\/media?parent=64415"}],"wp:term":[{"taxonomy":"category","embeddable":true,"href":"https:\/\/lahora.mx\/index.php\/wp-json\/wp\/v2\/categories?post=64415"},{"taxonomy":"post_tag","embeddable":true,"href":"https:\/\/lahora.mx\/index.php\/wp-json\/wp\/v2\/tags?post=64415"}],"curies":[{"name":"wp","href":"https:\/\/api.w.org\/{rel}","templated":true}]}}