{"id":64403,"date":"2025-07-01T23:53:57","date_gmt":"2025-07-01T23:53:57","guid":{"rendered":"https:\/\/lahora.mx\/?p=64403"},"modified":"2025-07-01T23:53:58","modified_gmt":"2025-07-01T23:53:58","slug":"publican-en-el-dof-declaratoria-de-polo-de-desarrollo-economico-para-el-bienestar-en-puebla","status":"publish","type":"post","link":"https:\/\/lahora.mx\/index.php\/2025\/07\/01\/publican-en-el-dof-declaratoria-de-polo-de-desarrollo-economico-para-el-bienestar-en-puebla\/","title":{"rendered":"Publican en el DOF declaratoria de Polo de Desarrollo Econ\u00f3mico para el Bienestar en Puebla"},"content":{"rendered":"\n<p>Ciudad Modelo, ubicado en los municipios de San Jos\u00e9 Chiapa y Nopalucan, fue oficialmente designado como Polo de Desarrollo Econ\u00f3mico para el Bienestar: Capital de la Tecnolog\u00eda y la Sostenibilidad, seg\u00fan el decreto publicado en el Diario Oficial de la Federaci\u00f3n (DOF).<\/p>\n\n\n\n<p>La declaratoria forma parte del programa nacional impulsado por la presidenta Claudia Sheinbaum y coloca a Puebla entre las primeras 15 regiones estrat\u00e9gicas del pa\u00eds seleccionadas para detonar un modelo econ\u00f3mico basado en innovaci\u00f3n, manufactura avanzada y sostenibilidad ambiental.<\/p>\n\n\n\n<p><\/p>\n\n\n\n<p>La publicaci\u00f3n del decreto fue celebrada por el gobernador de Puebla, Alejandro Armenta Mier, quien destac\u00f3 a trav\u00e9s de redes sociales que este reconocimiento posiciona a la entidad como un referente nacional de innovaci\u00f3n, tecnolog\u00eda e impulso a la sostenibilidad.<\/p>\n\n\n\n<p><br>Coparmex pide un crecimiento ordenado y sostenible para Ciudad Modelo<br>Plante\u00f3 que se deben evitar los errores de otros parques industriales del estado<br>El mandatario estatal afirm\u00f3 que la inclusi\u00f3n de Puebla en este modelo de desarrollo es muestra de la coordinaci\u00f3n con el Gobierno de M\u00e9xico para consolidar un polo que generar\u00e1 empleos, inversi\u00f3n y transferencia tecnol\u00f3gica.<\/p>\n\n\n\n<p>Seg\u00fan el documento, el pol\u00edgono que integra este nuevo polo abarca 275.2 hect\u00e1reas, distribuidas en cinco fracciones que articulan los corredores econ\u00f3micos del altiplano central con el Golfo de M\u00e9xico. Su ubicaci\u00f3n, a 70 kil\u00f3metros de la capital poblana y a 40 del Arco Norte, permite su conexi\u00f3n directa con el Valle de M\u00e9xico, Veracruz, Tlaxcala y otras regiones clave.<\/p>\n\n\n\n<p>Adem\u00e1s, existe una estrategia de conectividad regional, al fortalecerse con la presencia de v\u00edas como la autopista Amozoc\u2013Perote y el Arco Norte, dos ejes log\u00edsticos para el transporte de mercanc\u00edas, insumos y personal. Esta infraestructura, se\u00f1ala el decreto, \u201cfacilita la integraci\u00f3n de la zona a cadenas productivas regionales\u201d.<\/p>\n\n\n\n<p>De igual manera de establece que el nuevo Polo del Bienestar se desarrollar\u00e1n seis actividades productivas: manufactura avanzada, industria automotriz, textil especializada, electr\u00f3nica, qu\u00edmica, as\u00ed como pl\u00e1sticos y hule.<\/p>\n\n\n\n<p>El gobernador del estado, Alejandro Armenta Mier present\u00f3 el proyecto que tiene para convertir a Ciudad Modelo<br><br>Presenta Armenta a Ciudad Modelo como polo de desarrollo ante Sheinbaum en La Ma\u00f1anera<br>Explic\u00f3 que una de las principales ventajas que tiene este sitio es su ubicaci\u00f3n geogr\u00e1fica<br>Igual se indica que el municipio de San Jos\u00e9 Chiapa cuenta con uso de suelo compatible con fines industriales y dispone de escuelas de nivel medio superior, lo cual refuerza su vocaci\u00f3n productiva y el desarrollo de capital humano t\u00e9cnico.<\/p>\n\n\n\n<p>Tambi\u00e9n se se\u00f1ala que la zona ya cuenta con infraestructura b\u00e1sica habilitada: vialidades, energ\u00eda el\u00e9ctrica, agua potable, drenaje y conectividad.<\/p>\n\n\n\n<p>\u27a1\ufe0f Suscr\u00edbete a nuestro Newsletter y recibe las notas m\u00e1s relevantes en tu correo<\/p>\n\n\n\n<p>Finalmente, el decreto establece que el Gobierno de Puebla y la Secretar\u00eda de Econom\u00eda federal deber\u00e1n suscribir un convenio de coordinaci\u00f3n, con el objetivo de establecer est\u00edmulos fiscales espec\u00edficos para las empresas que se instalen en el Polo del Bienestar.<\/p>\n","protected":false},"excerpt":{"rendered":"<p>Ciudad Modelo, ubicado en los municipios de San Jos\u00e9 Chiapa y Nopalucan, fue oficialmente designado como Polo de Desarrollo Econ\u00f3mico para el Bienestar: Capital de la Tecnolog\u00eda y la Sostenibilidad, seg\u00fan el decreto publicado en el Diario Oficial de la Federaci\u00f3n (DOF). La declaratoria forma parte del programa nacional impulsado por la presidenta Claudia Sheinbaum [&hellip;]<\/p>\n","protected":false},"author":4,"featured_media":64404,"comment_status":"open","ping_status":"open","sticky":false,"template":"","format":"standard","meta":{"om_disable_all_campaigns":false,"_monsterinsights_skip_tracking":false,"_monsterinsights_sitenote_active":false,"_monsterinsights_sitenote_note":"","_monsterinsights_sitenote_category":0,"footnotes":""},"categories":[175],"tags":[195,223],"class_list":["post-64403","post","type-post","status-publish","format-standard","has-post-thumbnail","hentry","category-local","tag-principal","tag-puebla"],"amp_enabled":true,"_links":{"self":[{"href":"https:\/\/lahora.mx\/index.php\/wp-json\/wp\/v2\/posts\/64403","targetHints":{"allow":["GET"]}}],"collection":[{"href":"https:\/\/lahora.mx\/index.php\/wp-json\/wp\/v2\/posts"}],"about":[{"href":"https:\/\/lahora.mx\/index.php\/wp-json\/wp\/v2\/types\/post"}],"author":[{"embeddable":true,"href":"https:\/\/lahora.mx\/index.php\/wp-json\/wp\/v2\/users\/4"}],"replies":[{"embeddable":true,"href":"https:\/\/lahora.mx\/index.php\/wp-json\/wp\/v2\/comments?post=64403"}],"version-history":[{"count":1,"href":"https:\/\/lahora.mx\/index.php\/wp-json\/wp\/v2\/posts\/64403\/revisions"}],"predecessor-version":[{"id":64405,"href":"https:\/\/lahora.mx\/index.php\/wp-json\/wp\/v2\/posts\/64403\/revisions\/64405"}],"wp:featuredmedia":[{"embeddable":true,"href":"https:\/\/lahora.mx\/index.php\/wp-json\/wp\/v2\/media\/64404"}],"wp:attachment":[{"href":"https:\/\/lahora.mx\/index.php\/wp-json\/wp\/v2\/media?parent=64403"}],"wp:term":[{"taxonomy":"category","embeddable":true,"href":"https:\/\/lahora.mx\/index.php\/wp-json\/wp\/v2\/categories?post=64403"},{"taxonomy":"post_tag","embeddable":true,"href":"https:\/\/lahora.mx\/index.php\/wp-json\/wp\/v2\/tags?post=64403"}],"curies":[{"name":"wp","href":"https:\/\/api.w.org\/{rel}","templated":true}]}}