{"id":64393,"date":"2025-07-01T17:34:01","date_gmt":"2025-07-01T17:34:01","guid":{"rendered":"https:\/\/lahora.mx\/?p=64393"},"modified":"2025-07-01T17:38:34","modified_gmt":"2025-07-01T17:38:34","slug":"imss-pretende-reducir-el-tiempo-de-espera-de-pacientes","status":"publish","type":"post","link":"https:\/\/lahora.mx\/index.php\/2025\/07\/01\/imss-pretende-reducir-el-tiempo-de-espera-de-pacientes\/","title":{"rendered":"IMSS pretende reducir el tiempo de espera de pacientes"},"content":{"rendered":"\n<p>En el centro vacacional IMSS de Metepec, junta auxiliar de Atlixco, el Instituto Mexicano del Seguro Social (IMSS) llev\u00f3 a cabo el curso de gesti\u00f3n estrat\u00e9gica de los procesos sustantivos y de apoyo en segundo nivel de atenci\u00f3n m\u00e9dica.<\/p>\n\n\n\n<p>Este ejercicio formativo tuvo como prop\u00f3sito reforzar la estrategia nacional 2-30-100 orientada a mejorar la experiencia de los pacientes, reducir los tiempos de espera y optimizar los recursos institucionales dentro del sistema de salud p\u00fablica.<\/p>\n\n\n\n<p>La capacitaci\u00f3n estuvo dirigida a personal administrativo y operativo con el fin de esfuerzos articulares entre las \u00e1reas m\u00e9dicas y de gesti\u00f3n para lograr una atenci\u00f3n m\u00e1s eficiente y humanizada.<\/p>\n\n\n\n<p>El secretario general del IMSS, Jorge Gavi\u00f1o Ambriz, subray\u00f3 el seguro social se encuentra en un proceso de mejora continua y este tipo de actividades permite intercambiar buenas pr\u00e1cticas y fortalecer el trabajo en las unidades m\u00e9dicas del instituto.<\/p>\n\n\n\n<p>Mar\u00eda Magdalena Tinajero Esquivel, titular del \u00d3rgano de Operaci\u00f3n Administrativa Desconcentrada (OOAD) del IMSS en Puebla, destac\u00f3 la gesti\u00f3n directiva es clave para alcanzar las metas institucionales.<\/p>\n\n\n\n<p>Entre las metas prioritarias se encuentran: la valoraci\u00f3n integral de pacientes, el dise\u00f1o de estrategias para la referencia y contrarreferencia entre los tres niveles de atenci\u00f3n m\u00e9dica.<\/p>\n\n\n\n<p>Adem\u00e1s de la certificaci\u00f3n de comedores hospitalarios y la administraci\u00f3n eficiente de camas hospitalarias.<\/p>\n\n\n\n<p>La estrategia 2-30-100, explic\u00f3 Tinajero Esquivel, busca concretar 2 millones de cirug\u00edas, 30 millones de consultas de especialidad y 100 millones de consultas de Medicina Familiar durante este a\u00f1o.<\/p>\n","protected":false},"excerpt":{"rendered":"<p>En el centro vacacional IMSS de Metepec, junta auxiliar de Atlixco, el Instituto Mexicano del Seguro Social (IMSS) llev\u00f3 a cabo el curso de gesti\u00f3n estrat\u00e9gica de los procesos sustantivos y de apoyo en segundo nivel de atenci\u00f3n m\u00e9dica. Este ejercicio formativo tuvo como prop\u00f3sito reforzar la estrategia nacional 2-30-100 orientada a mejorar la experiencia [&hellip;]<\/p>\n","protected":false},"author":4,"featured_media":64394,"comment_status":"open","ping_status":"open","sticky":false,"template":"","format":"standard","meta":{"om_disable_all_campaigns":false,"_monsterinsights_skip_tracking":false,"_monsterinsights_sitenote_active":false,"_monsterinsights_sitenote_note":"","_monsterinsights_sitenote_category":0,"footnotes":""},"categories":[175,252],"tags":[223],"class_list":["post-64393","post","type-post","status-publish","format-standard","has-post-thumbnail","hentry","category-local","category-salud","tag-puebla"],"amp_enabled":true,"_links":{"self":[{"href":"https:\/\/lahora.mx\/index.php\/wp-json\/wp\/v2\/posts\/64393","targetHints":{"allow":["GET"]}}],"collection":[{"href":"https:\/\/lahora.mx\/index.php\/wp-json\/wp\/v2\/posts"}],"about":[{"href":"https:\/\/lahora.mx\/index.php\/wp-json\/wp\/v2\/types\/post"}],"author":[{"embeddable":true,"href":"https:\/\/lahora.mx\/index.php\/wp-json\/wp\/v2\/users\/4"}],"replies":[{"embeddable":true,"href":"https:\/\/lahora.mx\/index.php\/wp-json\/wp\/v2\/comments?post=64393"}],"version-history":[{"count":1,"href":"https:\/\/lahora.mx\/index.php\/wp-json\/wp\/v2\/posts\/64393\/revisions"}],"predecessor-version":[{"id":64395,"href":"https:\/\/lahora.mx\/index.php\/wp-json\/wp\/v2\/posts\/64393\/revisions\/64395"}],"wp:featuredmedia":[{"embeddable":true,"href":"https:\/\/lahora.mx\/index.php\/wp-json\/wp\/v2\/media\/64394"}],"wp:attachment":[{"href":"https:\/\/lahora.mx\/index.php\/wp-json\/wp\/v2\/media?parent=64393"}],"wp:term":[{"taxonomy":"category","embeddable":true,"href":"https:\/\/lahora.mx\/index.php\/wp-json\/wp\/v2\/categories?post=64393"},{"taxonomy":"post_tag","embeddable":true,"href":"https:\/\/lahora.mx\/index.php\/wp-json\/wp\/v2\/tags?post=64393"}],"curies":[{"name":"wp","href":"https:\/\/api.w.org\/{rel}","templated":true}]}}