{"id":64384,"date":"2025-07-01T17:01:10","date_gmt":"2025-07-01T17:01:10","guid":{"rendered":"https:\/\/lahora.mx\/?p=64384"},"modified":"2025-07-01T17:01:11","modified_gmt":"2025-07-01T17:01:11","slug":"puebla-con-siete-de-los-81-hospitales-del-imss-coplamar-adheridos-al-regimen-ordinario","status":"publish","type":"post","link":"https:\/\/lahora.mx\/index.php\/2025\/07\/01\/puebla-con-siete-de-los-81-hospitales-del-imss-coplamar-adheridos-al-regimen-ordinario\/","title":{"rendered":"Puebla, con siete de los 81 hospitales del IMSS-Coplamar adheridos al r\u00e9gimen ordinario"},"content":{"rendered":"\n<p>El estado de Puebla cuenta con siete de las 81 unidades m\u00e9dicas a nivel nacional, que est\u00e1n adheridas programa IMSS-COPLAMAR, pero que a partir de ahora, se integrar\u00e1n al r\u00e9gimen ordinario del Instituto Mexicano del Seguro Social (IMSS).<br><br>Durante la conferencia matutina de este 1 julio en Palacio Nacional, el director del Instituto, Zo\u00e9 Robledo Aburto, dio a conocer que actualmente, hay un total de 19 entidades federativas que cuentan con hospitales de este tipo.<\/p>\n\n\n\n<p>La demarcaci\u00f3n poblana tambi\u00e9n se integrar\u00e1 a este nuevo decreto con el objetivo de atender por igual a personas con seguridad social y quienes no gozan de este beneficio.<\/p>\n\n\n\n<p>En toda la Rep\u00fablica Mexicana, suman 2 mil 730 camas, 93 quir\u00f3fanos, mil 098 consultorios de especialidades como pediatr\u00eda, ginecolog\u00eda, as\u00ed como de medicina interna y familiar, con las sedes reci\u00e9n integradas.<\/p>\n\n\n\n<p>Seg\u00fan coment\u00f3 el funcionario federal, habr\u00e1 una provisi\u00f3n presupuestal de los recursos del IMSS, para que pueda ser destinado en los hospitales que pasan al r\u00e9gimen ordinario.<\/p>\n\n\n\n<p>Este martes, la presidenta de M\u00e9xico, Claudia Sheinbaum Pardo, firm\u00f3 un decreto para ingresar a esta nueva etapa del sistema salud, con la adhesi\u00f3n del IMSS-Coplamar.<\/p>\n\n\n\n<p>De esa manera, en Puebla habr\u00e1 un total de un mill\u00f3n 203 mil 362 millones de usuarios que podr\u00e1n atenderse y ser beneficiarios del programa.<\/p>\n","protected":false},"excerpt":{"rendered":"<p>El estado de Puebla cuenta con siete de las 81 unidades m\u00e9dicas a nivel nacional, que est\u00e1n adheridas programa IMSS-COPLAMAR, pero que a partir de ahora, se integrar\u00e1n al r\u00e9gimen ordinario del Instituto Mexicano del Seguro Social (IMSS). Durante la conferencia matutina de este 1 julio en Palacio Nacional, el director del Instituto, Zo\u00e9 Robledo [&hellip;]<\/p>\n","protected":false},"author":4,"featured_media":64385,"comment_status":"open","ping_status":"open","sticky":false,"template":"","format":"standard","meta":{"om_disable_all_campaigns":false,"_monsterinsights_skip_tracking":false,"_monsterinsights_sitenote_active":false,"_monsterinsights_sitenote_note":"","_monsterinsights_sitenote_category":0,"footnotes":""},"categories":[175,176],"tags":[223],"class_list":["post-64384","post","type-post","status-publish","format-standard","has-post-thumbnail","hentry","category-local","category-nacional","tag-puebla"],"amp_enabled":true,"_links":{"self":[{"href":"https:\/\/lahora.mx\/index.php\/wp-json\/wp\/v2\/posts\/64384","targetHints":{"allow":["GET"]}}],"collection":[{"href":"https:\/\/lahora.mx\/index.php\/wp-json\/wp\/v2\/posts"}],"about":[{"href":"https:\/\/lahora.mx\/index.php\/wp-json\/wp\/v2\/types\/post"}],"author":[{"embeddable":true,"href":"https:\/\/lahora.mx\/index.php\/wp-json\/wp\/v2\/users\/4"}],"replies":[{"embeddable":true,"href":"https:\/\/lahora.mx\/index.php\/wp-json\/wp\/v2\/comments?post=64384"}],"version-history":[{"count":1,"href":"https:\/\/lahora.mx\/index.php\/wp-json\/wp\/v2\/posts\/64384\/revisions"}],"predecessor-version":[{"id":64386,"href":"https:\/\/lahora.mx\/index.php\/wp-json\/wp\/v2\/posts\/64384\/revisions\/64386"}],"wp:featuredmedia":[{"embeddable":true,"href":"https:\/\/lahora.mx\/index.php\/wp-json\/wp\/v2\/media\/64385"}],"wp:attachment":[{"href":"https:\/\/lahora.mx\/index.php\/wp-json\/wp\/v2\/media?parent=64384"}],"wp:term":[{"taxonomy":"category","embeddable":true,"href":"https:\/\/lahora.mx\/index.php\/wp-json\/wp\/v2\/categories?post=64384"},{"taxonomy":"post_tag","embeddable":true,"href":"https:\/\/lahora.mx\/index.php\/wp-json\/wp\/v2\/tags?post=64384"}],"curies":[{"name":"wp","href":"https:\/\/api.w.org\/{rel}","templated":true}]}}