{"id":64345,"date":"2025-06-30T16:42:23","date_gmt":"2025-06-30T16:42:23","guid":{"rendered":"https:\/\/lahora.mx\/?p=64345"},"modified":"2025-06-30T16:42:24","modified_gmt":"2025-06-30T16:42:24","slug":"madre-e-hija-mueren-al-incendiarse-su-casa-en-cuautlancingo","status":"publish","type":"post","link":"https:\/\/lahora.mx\/index.php\/2025\/06\/30\/madre-e-hija-mueren-al-incendiarse-su-casa-en-cuautlancingo\/","title":{"rendered":"Madre e hija mueren al incendiarse su casa en Cuautlancingo"},"content":{"rendered":"\n<p>Madre e hija perdieron la vida adem\u00e1s de dos personas m\u00e1s resultaron lesionadas luego de incendiarse su casa en el municipio de Cuautlancingo.<br><br>Esto ocurri\u00f3 durante la ma\u00f1ana de este lunes sobre calle Albacete en el fraccionamiento Galaxias Almecatla.<\/p>\n\n\n\n<p>Seg\u00fan las primeras versiones, la familia no contaba con energ\u00eda el\u00e9ctrica, por lo que decidieron encender velas para iluminarse sin saber que esto provocar\u00eda un fuerte incendio.<\/p>\n\n\n\n<p>Al lugar acudi\u00f3 el Heroico Cuerpo de Bomberos para sofocar las llamadas y sacar a los heridos.<\/p>\n\n\n\n<p>Se espera el arribo de las autoridades correspondientes para el levantamiento de los cad\u00e1veres.<\/p>\n","protected":false},"excerpt":{"rendered":"<p>Madre e hija perdieron la vida adem\u00e1s de dos personas m\u00e1s resultaron lesionadas luego de incendiarse su casa en el municipio de Cuautlancingo. Esto ocurri\u00f3 durante la ma\u00f1ana de este lunes sobre calle Albacete en el fraccionamiento Galaxias Almecatla. Seg\u00fan las primeras versiones, la familia no contaba con energ\u00eda el\u00e9ctrica, por lo que decidieron encender [&hellip;]<\/p>\n","protected":false},"author":4,"featured_media":64346,"comment_status":"open","ping_status":"open","sticky":false,"template":"","format":"standard","meta":{"om_disable_all_campaigns":false,"_monsterinsights_skip_tracking":false,"_monsterinsights_sitenote_active":false,"_monsterinsights_sitenote_note":"","_monsterinsights_sitenote_category":0,"footnotes":""},"categories":[175,226],"tags":[223],"class_list":["post-64345","post","type-post","status-publish","format-standard","has-post-thumbnail","hentry","category-local","category-policia","tag-puebla"],"amp_enabled":true,"_links":{"self":[{"href":"https:\/\/lahora.mx\/index.php\/wp-json\/wp\/v2\/posts\/64345","targetHints":{"allow":["GET"]}}],"collection":[{"href":"https:\/\/lahora.mx\/index.php\/wp-json\/wp\/v2\/posts"}],"about":[{"href":"https:\/\/lahora.mx\/index.php\/wp-json\/wp\/v2\/types\/post"}],"author":[{"embeddable":true,"href":"https:\/\/lahora.mx\/index.php\/wp-json\/wp\/v2\/users\/4"}],"replies":[{"embeddable":true,"href":"https:\/\/lahora.mx\/index.php\/wp-json\/wp\/v2\/comments?post=64345"}],"version-history":[{"count":1,"href":"https:\/\/lahora.mx\/index.php\/wp-json\/wp\/v2\/posts\/64345\/revisions"}],"predecessor-version":[{"id":64347,"href":"https:\/\/lahora.mx\/index.php\/wp-json\/wp\/v2\/posts\/64345\/revisions\/64347"}],"wp:featuredmedia":[{"embeddable":true,"href":"https:\/\/lahora.mx\/index.php\/wp-json\/wp\/v2\/media\/64346"}],"wp:attachment":[{"href":"https:\/\/lahora.mx\/index.php\/wp-json\/wp\/v2\/media?parent=64345"}],"wp:term":[{"taxonomy":"category","embeddable":true,"href":"https:\/\/lahora.mx\/index.php\/wp-json\/wp\/v2\/categories?post=64345"},{"taxonomy":"post_tag","embeddable":true,"href":"https:\/\/lahora.mx\/index.php\/wp-json\/wp\/v2\/tags?post=64345"}],"curies":[{"name":"wp","href":"https:\/\/api.w.org\/{rel}","templated":true}]}}