{"id":64339,"date":"2025-06-30T16:10:03","date_gmt":"2025-06-30T16:10:03","guid":{"rendered":"https:\/\/lahora.mx\/?p=64339"},"modified":"2025-06-30T16:10:03","modified_gmt":"2025-06-30T16:10:03","slug":"quedan-atrapados-vehiculos-en-la-lateral-del-periferico-ecologico","status":"publish","type":"post","link":"https:\/\/lahora.mx\/index.php\/2025\/06\/30\/quedan-atrapados-vehiculos-en-la-lateral-del-periferico-ecologico\/","title":{"rendered":"Quedan atrapados veh\u00edculos en la lateral del Perif\u00e9rico Ecol\u00f3gico"},"content":{"rendered":"\n<p>Un total de tres veh\u00edculos quedaron atrapados en la lateral del Perif\u00e9rico Ecol\u00f3gico a la altura de la entrada a Misiones de San Francisco Coronango debido a un encharcamiento que se form\u00f3 en la zona.<\/p>\n\n\n\n<p><\/p>\n\n\n\n<p>Las constantes lluvias que han ca\u00eddo en el estado de Puebla provocadas por la depresi\u00f3n tropical Barry est\u00e1n provocando intensas lluvias en la ciudad, en la Zona Metropolitana y otras regiones del pa\u00eds.<\/p>\n\n\n\n<p>Al respecto, la Coordinaci\u00f3n General de Protecci\u00f3n Civil y Gesti\u00f3n del Riesgo de Desastres del Estado de Puebla inform\u00f3 que derivado de un encharcamiento en el Perif\u00e9rico Ecol\u00f3gico, a la altura de San Francisco Ocotl\u00e1n, automovilistas se quedaron varados.<\/p>\n\n\n\n<p>Por tal motivo, varios elementos se movilizaron a la zona para prestar ayuda a los automovilistas que se quedaron varados y tuvieron que permanecer durante varios minutos al interior de autos.<\/p>\n\n\n\n<p>Es as\u00ed que la Coordinaci\u00f3n General de Protecci\u00f3n Civil, lleg\u00f3 al lugar para auxiliar a los automovilistas y resguardarlos, afortunadamente no se registraron personas lesionadas.<\/p>\n","protected":false},"excerpt":{"rendered":"<p>Un total de tres veh\u00edculos quedaron atrapados en la lateral del Perif\u00e9rico Ecol\u00f3gico a la altura de la entrada a Misiones de San Francisco Coronango debido a un encharcamiento que se form\u00f3 en la zona. Las constantes lluvias que han ca\u00eddo en el estado de Puebla provocadas por la depresi\u00f3n tropical Barry est\u00e1n provocando intensas [&hellip;]<\/p>\n","protected":false},"author":4,"featured_media":64340,"comment_status":"open","ping_status":"open","sticky":false,"template":"","format":"standard","meta":{"om_disable_all_campaigns":false,"_monsterinsights_skip_tracking":false,"_monsterinsights_sitenote_active":false,"_monsterinsights_sitenote_note":"","_monsterinsights_sitenote_category":0,"footnotes":""},"categories":[175],"tags":[223],"class_list":["post-64339","post","type-post","status-publish","format-standard","has-post-thumbnail","hentry","category-local","tag-puebla"],"amp_enabled":true,"_links":{"self":[{"href":"https:\/\/lahora.mx\/index.php\/wp-json\/wp\/v2\/posts\/64339","targetHints":{"allow":["GET"]}}],"collection":[{"href":"https:\/\/lahora.mx\/index.php\/wp-json\/wp\/v2\/posts"}],"about":[{"href":"https:\/\/lahora.mx\/index.php\/wp-json\/wp\/v2\/types\/post"}],"author":[{"embeddable":true,"href":"https:\/\/lahora.mx\/index.php\/wp-json\/wp\/v2\/users\/4"}],"replies":[{"embeddable":true,"href":"https:\/\/lahora.mx\/index.php\/wp-json\/wp\/v2\/comments?post=64339"}],"version-history":[{"count":1,"href":"https:\/\/lahora.mx\/index.php\/wp-json\/wp\/v2\/posts\/64339\/revisions"}],"predecessor-version":[{"id":64341,"href":"https:\/\/lahora.mx\/index.php\/wp-json\/wp\/v2\/posts\/64339\/revisions\/64341"}],"wp:featuredmedia":[{"embeddable":true,"href":"https:\/\/lahora.mx\/index.php\/wp-json\/wp\/v2\/media\/64340"}],"wp:attachment":[{"href":"https:\/\/lahora.mx\/index.php\/wp-json\/wp\/v2\/media?parent=64339"}],"wp:term":[{"taxonomy":"category","embeddable":true,"href":"https:\/\/lahora.mx\/index.php\/wp-json\/wp\/v2\/categories?post=64339"},{"taxonomy":"post_tag","embeddable":true,"href":"https:\/\/lahora.mx\/index.php\/wp-json\/wp\/v2\/tags?post=64339"}],"curies":[{"name":"wp","href":"https:\/\/api.w.org\/{rel}","templated":true}]}}