{"id":64327,"date":"2025-06-30T01:52:10","date_gmt":"2025-06-30T01:52:10","guid":{"rendered":"https:\/\/lahora.mx\/?p=64327"},"modified":"2025-06-30T01:52:10","modified_gmt":"2025-06-30T01:52:10","slug":"pepe-chedraui-y-marielise-budib-suman-a-puebla-a-la-estrategia-nacional-contra-las-adicciones","status":"publish","type":"post","link":"https:\/\/lahora.mx\/index.php\/2025\/06\/30\/pepe-chedraui-y-marielise-budib-suman-a-puebla-a-la-estrategia-nacional-contra-las-adicciones\/","title":{"rendered":"Pepe Chedraui y MariElise Budib suman a Puebla a la estrategia nacional contra las adicciones"},"content":{"rendered":"\n<p>El presidente municipal de Puebla, Jos\u00e9 Chedraui Budib, y la presidenta del Sistema Municipal del DIF, MariElise Budib, inauguraron este jueves \u00abX una Capital sin Adicciones\u201d en la que participaron j\u00f3venes, empresas e instituciones.<\/p>\n\n\n\n<p>Lo anterior fue con el fin de conmemorar el D\u00eda Internacional contra las Adicciones, donde el alcalde reconoci\u00f3 el esfuerzo y la empat\u00eda para que universidades, sociedad civil y gobierno contin\u00faen trabajando por el bien de las familias poblanas.<\/p>\n\n\n\n<p><br>\u201cEn Puebla nos sumamos a la estrategia nacional contra las adicciones, convencidos que el deporte, la cultura y el acompa\u00f1amiento emocional son herramientas clave para combatir las adicciones. Quiero hacer una menci\u00f3n especial a mi esposa MariElise: gracias a tu dedicaci\u00f3n, desde el DIF las familias poblanas cuentan con un apoyo cercano en cada una de las juntas auxiliares de la capital\u201d, enfatiz\u00f3 el alcalde.<br>\u00abX Una Capital Libre de Adicciones\u00bb, es un s\u00ed a la vida, a la salud y los sue\u00f1os en Puebla: MarieElise Budib<br>A su vez, la presidenta del Patronato del DIF Puebla Capital destac\u00f3 que estos espacios permiten brindar educaci\u00f3n, acompa\u00f1amiento emocional y actividades recreativas para ni\u00f1as, ni\u00f1os y adolescentes, fortaleciendo as\u00ed su desarrollo integral.<br>\u201cGracias por sumarse con tanto entusiasmo a este d\u00eda que lleva un mensaje importante, decirle s\u00ed a la vida, s\u00ed a la salud, s\u00ed a los sue\u00f1os que merecen cumplir. Hoy conmemoramos el d\u00eda internacional contra las adicciones y m\u00e1s que enfocarnos en el problema, estamos aqu\u00ed para enfocarnos en la soluci\u00f3n desde el DIF Puebla Capital y junto con mi esposo\u201d, expres\u00f3.<br>En su turno, Marco Martos, head coach del equipo de futbol americano profesional Arc\u00e1ngeles, coment\u00f3 con respecto a los problemas sociales que enfrenta la juventud y de qu\u00e9 forma el acompa\u00f1amiento y apoyo de los padres de familia es fundamental para evitar las malas compa\u00f1\u00edas que los puedan llevar a las adicciones.<\/p>\n\n\n\n<p>Es importante se\u00f1alar que el evento fue organizado por el Sistema Municipal DIF, el Instituto Municipal del Deporte (IMDP) y el Instituto de la Juventud (IJMP), con la intenci\u00f3n de promover la prevenci\u00f3n y fomentar estilos de vida saludables en los j\u00f3venes.<\/p>\n","protected":false},"excerpt":{"rendered":"<p>El presidente municipal de Puebla, Jos\u00e9 Chedraui Budib, y la presidenta del Sistema Municipal del DIF, MariElise Budib, inauguraron este jueves \u00abX una Capital sin Adicciones\u201d en la que participaron j\u00f3venes, empresas e instituciones. Lo anterior fue con el fin de conmemorar el D\u00eda Internacional contra las Adicciones, donde el alcalde reconoci\u00f3 el esfuerzo y [&hellip;]<\/p>\n","protected":false},"author":4,"featured_media":64328,"comment_status":"open","ping_status":"open","sticky":false,"template":"","format":"standard","meta":{"om_disable_all_campaigns":false,"_monsterinsights_skip_tracking":false,"_monsterinsights_sitenote_active":false,"_monsterinsights_sitenote_note":"","_monsterinsights_sitenote_category":0,"footnotes":""},"categories":[175],"tags":[223],"class_list":["post-64327","post","type-post","status-publish","format-standard","has-post-thumbnail","hentry","category-local","tag-puebla"],"amp_enabled":true,"_links":{"self":[{"href":"https:\/\/lahora.mx\/index.php\/wp-json\/wp\/v2\/posts\/64327","targetHints":{"allow":["GET"]}}],"collection":[{"href":"https:\/\/lahora.mx\/index.php\/wp-json\/wp\/v2\/posts"}],"about":[{"href":"https:\/\/lahora.mx\/index.php\/wp-json\/wp\/v2\/types\/post"}],"author":[{"embeddable":true,"href":"https:\/\/lahora.mx\/index.php\/wp-json\/wp\/v2\/users\/4"}],"replies":[{"embeddable":true,"href":"https:\/\/lahora.mx\/index.php\/wp-json\/wp\/v2\/comments?post=64327"}],"version-history":[{"count":1,"href":"https:\/\/lahora.mx\/index.php\/wp-json\/wp\/v2\/posts\/64327\/revisions"}],"predecessor-version":[{"id":64329,"href":"https:\/\/lahora.mx\/index.php\/wp-json\/wp\/v2\/posts\/64327\/revisions\/64329"}],"wp:featuredmedia":[{"embeddable":true,"href":"https:\/\/lahora.mx\/index.php\/wp-json\/wp\/v2\/media\/64328"}],"wp:attachment":[{"href":"https:\/\/lahora.mx\/index.php\/wp-json\/wp\/v2\/media?parent=64327"}],"wp:term":[{"taxonomy":"category","embeddable":true,"href":"https:\/\/lahora.mx\/index.php\/wp-json\/wp\/v2\/categories?post=64327"},{"taxonomy":"post_tag","embeddable":true,"href":"https:\/\/lahora.mx\/index.php\/wp-json\/wp\/v2\/tags?post=64327"}],"curies":[{"name":"wp","href":"https:\/\/api.w.org\/{rel}","templated":true}]}}