{"id":6431,"date":"2022-05-04T01:57:53","date_gmt":"2022-05-04T01:57:53","guid":{"rendered":"http:\/\/lahora.mx\/?p=6431"},"modified":"2022-05-04T01:57:54","modified_gmt":"2022-05-04T01:57:54","slug":"tenian-acuerdo-politico-acusa-barbosa-a-francisco-romero-y-claudia-rivera","status":"publish","type":"post","link":"https:\/\/lahora.mx\/index.php\/2022\/05\/04\/tenian-acuerdo-politico-acusa-barbosa-a-francisco-romero-y-claudia-rivera\/","title":{"rendered":"Ten\u00edan acuerdo pol\u00edtico, acusa Barbosa a Francisco Romero y Claudia Rivera"},"content":{"rendered":"\n<p>El\u00a0<strong>extitular de la Auditor\u00eda Superior del Estado, Francisco Romero Serrano,\u00a0<\/strong>ten\u00eda un pacto pol\u00edtico para proteger a la ex edil morenista, Claudia Rivera<strong>\u00a0Vivanco<\/strong>, incluso,\u00a0<strong>fue \u00e9l y gente de su confianza quienes vendieron al gobierno municipal todos los insumos para atender la pandemia de la Covid-19,\u00a0<\/strong>acus\u00f3 el gobernador, Luis Miguel Barbosa Huerta.<\/p>\n\n\n\n<p>Declar\u00f3 que, en su momento, \u00e9l mismo cuestion\u00f3 al ahora exauditor sobre la protecci\u00f3n que ofrec\u00eda a Rivera Vivanco y\u00a0<strong>aunque lo neg\u00f3, ahora existen pruebas que permiten determinar que ese pacto pol\u00edtico exist\u00eda.<\/strong><br><\/p>\n\n\n\n<p><strong>\u201cSi hab\u00eda acuerdos con el auditor y el Ayuntamiento, bueno, \u00bfsaben quien le vend\u00eda todos los temas de COVID al Ayuntamiento? El auditor y una persona sentimentalmente cercana al auditor. Todos los insumos que el Ayuntamiento consum\u00eda por combate al Covid, lo de los t\u00faneles sanitizantes, geles y cubrebocas se lo surt\u00eda gente del auditor\u201d,<\/strong>&nbsp;se\u00f1al\u00f3.<\/p>\n\n\n\n<p>El titular del Ejecutivo expres\u00f3 que&nbsp;<strong>aunque existen pruebas de irregularidades cometidas por el pasado gobierno de la ciudad<\/strong>, lo ideal ser\u00eda que<strong>&nbsp;la autoridad en turno fuera quien las denunciara&nbsp;<\/strong>y no se conformara con las quejas presentadas por el partido pol\u00edtico del que emana, es decir Acci\u00f3n Nacional.<\/p>\n\n\n\n<p><strong><em>\u201cYo los conmin\u00f3 a que si identifican alguna irregularidad que la presenten, no que manden a presentar al presidente del PAN\u201d,<\/em><\/strong>&nbsp;dijo tras referir que en su momento Claudia Rivera no denunci\u00f3 a los&nbsp;<strong>expresidentes del PAN, Luis Banck y Antonio Gali&nbsp;<\/strong>y ahora Eduardo Rivera tampoco ha presentado quejas contra ella.<\/p>\n\n\n\n<p>Cuestionado sobre las presuntas irregularidades en que habr\u00eda incurrido el pasado gobierno municipal para distribuir despensas adquiridas con sobre costo,\u00a0<strong>Barbosa sostuvo que seguramente esta situaci\u00f3n forma parte de las inconsistencias que se han detectado.<\/strong><br><\/p>\n\n\n\n<p>De hecho, record\u00f3 que en su momento se denunci\u00f3 que adem\u00e1s del sobre costo, los paquetes alimentarios se hab\u00edan utilizado con fines electorales, de tal forma que el tema pudiera estar relacionado con diversas irregularidades ocurridas durante la atenci\u00f3n a la pandemia.<\/p>\n\n\n\n<p>A manera de comparaci\u00f3n, defendi\u00f3 que el programa de distribuci\u00f3n de despensas \u201cPuebla contigo\u201d que ejecut\u00f3 el gobierno estatal, fue tomado como ejemplo a nivel nacional y en breve recibir\u00e1 un reconocimiento.<\/p>\n\n\n\n<p><strong>\u201cSe hicieron muchas cosas, pero para eso tuvieron que hacerse reglas de operaci\u00f3n, licitaci\u00f3n de compra de todo lo que se uso en la formaci\u00f3n de despensas, despensas de 25 kilogramos\u201d,<\/strong>&nbsp;acot\u00f3.<\/p>\n","protected":false},"excerpt":{"rendered":"<p>El\u00a0extitular de la Auditor\u00eda Superior del Estado, Francisco Romero Serrano,\u00a0ten\u00eda un pacto pol\u00edtico para proteger a la ex edil morenista, Claudia Rivera\u00a0Vivanco, incluso,\u00a0fue \u00e9l y gente de su confianza quienes vendieron al gobierno municipal todos los insumos para atender la pandemia de la Covid-19,\u00a0acus\u00f3 el gobernador, Luis Miguel Barbosa Huerta. Declar\u00f3 que, en su momento, [&hellip;]<\/p>\n","protected":false},"author":4,"featured_media":6432,"comment_status":"open","ping_status":"open","sticky":false,"template":"","format":"standard","meta":{"om_disable_all_campaigns":false,"_monsterinsights_skip_tracking":false,"_monsterinsights_sitenote_active":false,"_monsterinsights_sitenote_note":"","_monsterinsights_sitenote_category":0,"footnotes":""},"categories":[175],"tags":[195,223],"class_list":["post-6431","post","type-post","status-publish","format-standard","has-post-thumbnail","hentry","category-local","tag-principal","tag-puebla"],"amp_enabled":true,"_links":{"self":[{"href":"https:\/\/lahora.mx\/index.php\/wp-json\/wp\/v2\/posts\/6431","targetHints":{"allow":["GET"]}}],"collection":[{"href":"https:\/\/lahora.mx\/index.php\/wp-json\/wp\/v2\/posts"}],"about":[{"href":"https:\/\/lahora.mx\/index.php\/wp-json\/wp\/v2\/types\/post"}],"author":[{"embeddable":true,"href":"https:\/\/lahora.mx\/index.php\/wp-json\/wp\/v2\/users\/4"}],"replies":[{"embeddable":true,"href":"https:\/\/lahora.mx\/index.php\/wp-json\/wp\/v2\/comments?post=6431"}],"version-history":[{"count":1,"href":"https:\/\/lahora.mx\/index.php\/wp-json\/wp\/v2\/posts\/6431\/revisions"}],"predecessor-version":[{"id":6433,"href":"https:\/\/lahora.mx\/index.php\/wp-json\/wp\/v2\/posts\/6431\/revisions\/6433"}],"wp:featuredmedia":[{"embeddable":true,"href":"https:\/\/lahora.mx\/index.php\/wp-json\/wp\/v2\/media\/6432"}],"wp:attachment":[{"href":"https:\/\/lahora.mx\/index.php\/wp-json\/wp\/v2\/media?parent=6431"}],"wp:term":[{"taxonomy":"category","embeddable":true,"href":"https:\/\/lahora.mx\/index.php\/wp-json\/wp\/v2\/categories?post=6431"},{"taxonomy":"post_tag","embeddable":true,"href":"https:\/\/lahora.mx\/index.php\/wp-json\/wp\/v2\/tags?post=6431"}],"curies":[{"name":"wp","href":"https:\/\/api.w.org\/{rel}","templated":true}]}}