{"id":64307,"date":"2025-06-29T16:24:16","date_gmt":"2025-06-29T16:24:16","guid":{"rendered":"https:\/\/lahora.mx\/?p=64307"},"modified":"2025-06-29T16:24:17","modified_gmt":"2025-06-29T16:24:17","slug":"en-diciembre-prepa-calderon-de-la-buap-contara-cancha-de-atletismo","status":"publish","type":"post","link":"https:\/\/lahora.mx\/index.php\/2025\/06\/29\/en-diciembre-prepa-calderon-de-la-buap-contara-cancha-de-atletismo\/","title":{"rendered":"En diciembre, Prepa Calder\u00f3n de la BUAP contar\u00e1 cancha de atletismo"},"content":{"rendered":"\n<p>La Preparatoria de la Benem\u00e9rita Universidad Aut\u00f3noma de Puebla (BUAP), Alfonso Calder\u00f3n Moreno, contar\u00e1 con una nueva cancha de atletismo y gimnasio, proyectada para que la comunidad estudiantil pueda utilizarla en diciembre de este mismo a\u00f1o.<br><br>En el Peri\u00f3dico Oficial del Estado (POE) de Puebla, la m\u00e1xima casa de estudios emiti\u00f3 una licitaci\u00f3n p\u00fablica para contratar a una empresa que se encargue de desarrollar esta obra, y a su vez, cuente con un capital contable m\u00ednimo de 53 millones de pesos.<\/p>\n\n\n\n<p>Seg\u00fan las especificaciones, el pr\u00f3ximo 3 de julio, las constructoras interesadas deber\u00e1n presentarse en la Direcci\u00f3n de Infraestructura Educativa, as\u00ed como a una reuni\u00f3n en el sitio de los trabajos, ubicados en la capital poblana.<\/p>\n\n\n\n<p>El d\u00eda 11, se realizar\u00e1 la apertura de propuestas t\u00e9cnicas y ser\u00e1 hasta el 5 de agosto, cuando se d\u00e9 a conocer el nombre de la firma que iniciar\u00e1 con los trabajos de manera inmediata, el 13 del mismo mes.<\/p>\n\n\n\n<p>La ejecuci\u00f3n contar\u00e1 con un plazo de 120 d\u00edas naturales, por lo que se prev\u00e9 que est\u00e9 lista para el 10 de diciembre de este 2025. Adem\u00e1s, tendr\u00e1 una p\u00f3liza de seguro de responsabilidad civil por 6 millones de pesos.<\/p>\n\n\n\n<p>Esto tendr\u00e1n las nuevas canchas<\/p>\n\n\n\n<p>El alumnado de la unidad acad\u00e9mica, podr\u00e1 disfrutar de las nuevas canchas de atletismo, que incluye un espacio destinado para hacer ejercicio, gradas y campas de concreto, bodegas.<\/p>\n\n\n\n<p>As\u00ed como oficinas, \u00e1reas de fisioterapia y medicina de alto rendimiento; servicio de sanitarios; palcos techados; elevador; s\u00faper postes para alumbrado; circuito de campo traviesa con camino peatonal.<\/p>\n\n\n\n<p>Otras de las cosas que se incluyen en el proyecto son instalaciones el\u00e9ctricas, hidr\u00e1ulicas, sanitarias, pluvial, muros de gavi\u00f3n y un espejo de agua.<\/p>\n","protected":false},"excerpt":{"rendered":"<p>La Preparatoria de la Benem\u00e9rita Universidad Aut\u00f3noma de Puebla (BUAP), Alfonso Calder\u00f3n Moreno, contar\u00e1 con una nueva cancha de atletismo y gimnasio, proyectada para que la comunidad estudiantil pueda utilizarla en diciembre de este mismo a\u00f1o. En el Peri\u00f3dico Oficial del Estado (POE) de Puebla, la m\u00e1xima casa de estudios emiti\u00f3 una licitaci\u00f3n p\u00fablica para [&hellip;]<\/p>\n","protected":false},"author":4,"featured_media":64308,"comment_status":"open","ping_status":"open","sticky":false,"template":"","format":"standard","meta":{"om_disable_all_campaigns":false,"_monsterinsights_skip_tracking":false,"_monsterinsights_sitenote_active":false,"_monsterinsights_sitenote_note":"","_monsterinsights_sitenote_category":0,"footnotes":""},"categories":[175],"tags":[186,223],"class_list":["post-64307","post","type-post","status-publish","format-standard","has-post-thumbnail","hentry","category-local","tag-buap","tag-puebla"],"amp_enabled":true,"_links":{"self":[{"href":"https:\/\/lahora.mx\/index.php\/wp-json\/wp\/v2\/posts\/64307","targetHints":{"allow":["GET"]}}],"collection":[{"href":"https:\/\/lahora.mx\/index.php\/wp-json\/wp\/v2\/posts"}],"about":[{"href":"https:\/\/lahora.mx\/index.php\/wp-json\/wp\/v2\/types\/post"}],"author":[{"embeddable":true,"href":"https:\/\/lahora.mx\/index.php\/wp-json\/wp\/v2\/users\/4"}],"replies":[{"embeddable":true,"href":"https:\/\/lahora.mx\/index.php\/wp-json\/wp\/v2\/comments?post=64307"}],"version-history":[{"count":1,"href":"https:\/\/lahora.mx\/index.php\/wp-json\/wp\/v2\/posts\/64307\/revisions"}],"predecessor-version":[{"id":64309,"href":"https:\/\/lahora.mx\/index.php\/wp-json\/wp\/v2\/posts\/64307\/revisions\/64309"}],"wp:featuredmedia":[{"embeddable":true,"href":"https:\/\/lahora.mx\/index.php\/wp-json\/wp\/v2\/media\/64308"}],"wp:attachment":[{"href":"https:\/\/lahora.mx\/index.php\/wp-json\/wp\/v2\/media?parent=64307"}],"wp:term":[{"taxonomy":"category","embeddable":true,"href":"https:\/\/lahora.mx\/index.php\/wp-json\/wp\/v2\/categories?post=64307"},{"taxonomy":"post_tag","embeddable":true,"href":"https:\/\/lahora.mx\/index.php\/wp-json\/wp\/v2\/tags?post=64307"}],"curies":[{"name":"wp","href":"https:\/\/api.w.org\/{rel}","templated":true}]}}