{"id":64304,"date":"2025-06-29T16:19:00","date_gmt":"2025-06-29T16:19:00","guid":{"rendered":"https:\/\/lahora.mx\/?p=64304"},"modified":"2025-06-29T16:19:00","modified_gmt":"2025-06-29T16:19:00","slug":"el-gobierno-responde-de-manera-inmediata-ante-afectaciones-por-lluvias-armenta","status":"publish","type":"post","link":"https:\/\/lahora.mx\/index.php\/2025\/06\/29\/el-gobierno-responde-de-manera-inmediata-ante-afectaciones-por-lluvias-armenta\/","title":{"rendered":"El Gobierno responde de manera inmediata ante afectaciones por lluvias: Armenta"},"content":{"rendered":"\n<p>El gobernador del estado, Alejandro Armenta Mier, se\u00f1al\u00f3 que ante las afectaciones que se han registrado en diversos municipios poblanos por las lluvias, la respuesta ha sido inmediata por parte del gobierno que encabeza e incluso a supervisado las tareas y la entrega de apoyos, pues lo primordial ante estos incidentes es la seguridad, as\u00ed como salvar la vida de los pobladores y la protecci\u00f3n de sus bienes.<br><br>Mencion\u00f3 que, aunque se han presentado da\u00f1os por las precipitaciones pluviales en municipios como Chignahuapan, Iz\u00facar de Matamoros, Tepeojuma, as\u00ed como en las comunidades de La Ceiba y La M\u00e1quina en Francisco Z. Mena, estas \u00faltimas debido a que el nivel del r\u00edo Pantepec contin\u00faa elevado, adem\u00e1s de la Sierra Negra, al momento no se ha registrado ning\u00fan deceso.<\/p>\n\n\n\n<p>Expres\u00f3 que en cada una de las comunidades afectadas se ha trabajado en coordinaci\u00f3n con Protecci\u00f3n Civil, Secretar\u00eda de Infraestructura y los ayuntamientos para las labores de reparaci\u00f3n, limpieza y desazolve.<\/p>\n\n\n\n<p>Puntualiz\u00f3 que el objetivo principal de su administraci\u00f3n es la seguridad, la protecci\u00f3n civil para salvar y cuidar la vida de las personas, as\u00ed como la protecci\u00f3n y resguardo de los bienes de las personas, adem\u00e1s de reparar las afectaciones, juntamente con establecer en estos lugares proyectos productivos.<\/p>\n\n\n\n<p>En el caso de la Sierra Negra en donde la carretera Coxcatl\u00e1n-Tlacotepec de Porfirio D\u00edaz, tramo Chichicapa-Loma Bonita, sigue registrando derrumbes por las lluvias, manifest\u00f3 que se estar\u00e1 interviniendo las veces que sea necesario, para retirar los deslizamientos de lodo y piedra, es por eso que incluso ya se encuentra un equipo de maquinaria pesada para atender inmediatamente cualquier incidente que se presente.<\/p>\n\n\n\n<p>En otro orden de ideas indic\u00f3 que se est\u00e1 integrando la pr\u00f3xima semana el Centro Estatal de Seguridad Ciudadana, para atender cualquier tipo de eventualidad en el estado y proteger a la ciudadan\u00eda, por lo tambi\u00e9n regresar\u00e1 a Tehuac\u00e1n para crear el Consejo de Seguridad de la microrregional en la zona.<\/p>\n\n\n\n<p>Finalmente dijo el mandatario poblano, que este tipo de consejos los tendr\u00e1n todas la microrregiones y estar\u00e1 conformada desde las autoridades, as\u00ed como representantes de los diversos sectores de la sociedad.<\/p>\n","protected":false},"excerpt":{"rendered":"<p>El gobernador del estado, Alejandro Armenta Mier, se\u00f1al\u00f3 que ante las afectaciones que se han registrado en diversos municipios poblanos por las lluvias, la respuesta ha sido inmediata por parte del gobierno que encabeza e incluso a supervisado las tareas y la entrega de apoyos, pues lo primordial ante estos incidentes es la seguridad, as\u00ed [&hellip;]<\/p>\n","protected":false},"author":4,"featured_media":64305,"comment_status":"open","ping_status":"open","sticky":false,"template":"","format":"standard","meta":{"om_disable_all_campaigns":false,"_monsterinsights_skip_tracking":false,"_monsterinsights_sitenote_active":false,"_monsterinsights_sitenote_note":"","_monsterinsights_sitenote_category":0,"footnotes":""},"categories":[175],"tags":[239,195,223],"class_list":["post-64304","post","type-post","status-publish","format-standard","has-post-thumbnail","hentry","category-local","tag-gobierno","tag-principal","tag-puebla"],"amp_enabled":true,"_links":{"self":[{"href":"https:\/\/lahora.mx\/index.php\/wp-json\/wp\/v2\/posts\/64304","targetHints":{"allow":["GET"]}}],"collection":[{"href":"https:\/\/lahora.mx\/index.php\/wp-json\/wp\/v2\/posts"}],"about":[{"href":"https:\/\/lahora.mx\/index.php\/wp-json\/wp\/v2\/types\/post"}],"author":[{"embeddable":true,"href":"https:\/\/lahora.mx\/index.php\/wp-json\/wp\/v2\/users\/4"}],"replies":[{"embeddable":true,"href":"https:\/\/lahora.mx\/index.php\/wp-json\/wp\/v2\/comments?post=64304"}],"version-history":[{"count":1,"href":"https:\/\/lahora.mx\/index.php\/wp-json\/wp\/v2\/posts\/64304\/revisions"}],"predecessor-version":[{"id":64306,"href":"https:\/\/lahora.mx\/index.php\/wp-json\/wp\/v2\/posts\/64304\/revisions\/64306"}],"wp:featuredmedia":[{"embeddable":true,"href":"https:\/\/lahora.mx\/index.php\/wp-json\/wp\/v2\/media\/64305"}],"wp:attachment":[{"href":"https:\/\/lahora.mx\/index.php\/wp-json\/wp\/v2\/media?parent=64304"}],"wp:term":[{"taxonomy":"category","embeddable":true,"href":"https:\/\/lahora.mx\/index.php\/wp-json\/wp\/v2\/categories?post=64304"},{"taxonomy":"post_tag","embeddable":true,"href":"https:\/\/lahora.mx\/index.php\/wp-json\/wp\/v2\/tags?post=64304"}],"curies":[{"name":"wp","href":"https:\/\/api.w.org\/{rel}","templated":true}]}}