{"id":64300,"date":"2025-06-28T01:36:55","date_gmt":"2025-06-28T01:36:55","guid":{"rendered":"https:\/\/lahora.mx\/?p=64300"},"modified":"2025-06-28T01:36:56","modified_gmt":"2025-06-28T01:36:56","slug":"tromba-de-viernes-colapsa-caseta-a-atlixco-autos-pasan-por-goteo","status":"publish","type":"post","link":"https:\/\/lahora.mx\/index.php\/2025\/06\/28\/tromba-de-viernes-colapsa-caseta-a-atlixco-autos-pasan-por-goteo\/","title":{"rendered":"Tromba de viernes colapsa caseta a Atlixco: autos pasan por goteo"},"content":{"rendered":"\n<p>La V\u00eda Atlixc\u00e1yotl, en el tramo de la caseta Puebla-Atlixco, enfrenta un colapso vial este viernes 20 de junio debido a una inundaci\u00f3n bajo el puente que cruza con el Perif\u00e9rico Ecol\u00f3gico, a la altura de Chedraui Selecto.<\/p>\n\n\n\n<p>Testigos informaron que el cierre de carriles centrales y laterales gener\u00f3 un paro total del tr\u00e1fico.<\/p>\n\n\n\n<p>Reportes de usuarios indicaron que la inundaci\u00f3n comenz\u00f3 alrededor de las 15:00 horas; se recomienda evitar la zona y buscar rutas alternas.<\/p>\n\n\n\n<p>Viernes de lluvia en la ciudad de Puebla<br>Este viernes en la ciudad de Puebla se presentaron lluvias fuertes que causaron inundaciones y encharcamientos de importancia en diversas zonas de la ciudad.<\/p>\n\n\n\n<p>Acorde con datos oficiales del Servicio Meteorol\u00f3gico Nacional (SMN) de la Comisi\u00f3n Nacional del Agua (Conagua) estos chubascos y otros fen\u00f3menos meteorol\u00f3gicos son consecuencia del hurac\u00e1n Erick que lleg\u00f3 a las costas de M\u00e9xico durante junio.<\/p>\n\n\n\n<p>Decenas de poblanos denunciaron en redes sociales y a medios locales las zonas m\u00e1s afectadas. Se reportaron las siguientes:<\/p>\n\n\n\n<p>Lomas de Angel\u00f3polis: cierre inundaciones en calles y vialidades de la zona<br>Perif\u00e9rico Ecol\u00f3gico: se hicieron cascadas de agua de lluvia que se acentuaron por relleno sanitario, presuntamente a la altura de Camino Real<br>Puente de la calzada Zavaleta a la altura de la Recta Cholula: inundado con tapas de las coladeras botadas, peligroso para los peatones<br>Zona del bulevar Forjadores: inundaci\u00f3n que dej\u00f3 a combis varadas y tr\u00e1fico lento<br>Vialidades afectadas: Calzada Zavaleta, Ignacio Romero Vargas, Camino Real, as\u00ed como en zonas de las Cholulas<\/p>\n","protected":false},"excerpt":{"rendered":"<p>La V\u00eda Atlixc\u00e1yotl, en el tramo de la caseta Puebla-Atlixco, enfrenta un colapso vial este viernes 20 de junio debido a una inundaci\u00f3n bajo el puente que cruza con el Perif\u00e9rico Ecol\u00f3gico, a la altura de Chedraui Selecto. Testigos informaron que el cierre de carriles centrales y laterales gener\u00f3 un paro total del tr\u00e1fico. Reportes [&hellip;]<\/p>\n","protected":false},"author":4,"featured_media":64301,"comment_status":"open","ping_status":"open","sticky":false,"template":"","format":"standard","meta":{"om_disable_all_campaigns":false,"_monsterinsights_skip_tracking":false,"_monsterinsights_sitenote_active":false,"_monsterinsights_sitenote_note":"","_monsterinsights_sitenote_category":0,"footnotes":""},"categories":[175],"tags":[195,223],"class_list":["post-64300","post","type-post","status-publish","format-standard","has-post-thumbnail","hentry","category-local","tag-principal","tag-puebla"],"amp_enabled":true,"_links":{"self":[{"href":"https:\/\/lahora.mx\/index.php\/wp-json\/wp\/v2\/posts\/64300","targetHints":{"allow":["GET"]}}],"collection":[{"href":"https:\/\/lahora.mx\/index.php\/wp-json\/wp\/v2\/posts"}],"about":[{"href":"https:\/\/lahora.mx\/index.php\/wp-json\/wp\/v2\/types\/post"}],"author":[{"embeddable":true,"href":"https:\/\/lahora.mx\/index.php\/wp-json\/wp\/v2\/users\/4"}],"replies":[{"embeddable":true,"href":"https:\/\/lahora.mx\/index.php\/wp-json\/wp\/v2\/comments?post=64300"}],"version-history":[{"count":1,"href":"https:\/\/lahora.mx\/index.php\/wp-json\/wp\/v2\/posts\/64300\/revisions"}],"predecessor-version":[{"id":64302,"href":"https:\/\/lahora.mx\/index.php\/wp-json\/wp\/v2\/posts\/64300\/revisions\/64302"}],"wp:featuredmedia":[{"embeddable":true,"href":"https:\/\/lahora.mx\/index.php\/wp-json\/wp\/v2\/media\/64301"}],"wp:attachment":[{"href":"https:\/\/lahora.mx\/index.php\/wp-json\/wp\/v2\/media?parent=64300"}],"wp:term":[{"taxonomy":"category","embeddable":true,"href":"https:\/\/lahora.mx\/index.php\/wp-json\/wp\/v2\/categories?post=64300"},{"taxonomy":"post_tag","embeddable":true,"href":"https:\/\/lahora.mx\/index.php\/wp-json\/wp\/v2\/tags?post=64300"}],"curies":[{"name":"wp","href":"https:\/\/api.w.org\/{rel}","templated":true}]}}