{"id":64297,"date":"2025-06-27T19:39:05","date_gmt":"2025-06-27T19:39:05","guid":{"rendered":"https:\/\/lahora.mx\/?p=64297"},"modified":"2025-06-27T19:39:06","modified_gmt":"2025-06-27T19:39:06","slug":"rechazan-pension-a-quienes-no-cubren-requisito-del-imss","status":"publish","type":"post","link":"https:\/\/lahora.mx\/index.php\/2025\/06\/27\/rechazan-pension-a-quienes-no-cubren-requisito-del-imss\/","title":{"rendered":"Rechazan pensi\u00f3n a quienes no cubren requisito del IMSS"},"content":{"rendered":"\n<p>El Instituto Mexicano del Seguro Social (IMSS) neg\u00f3 el acceso a la pensi\u00f3n a trabajadores que no cumplieron con el requisito m\u00ednimo de semanas cotizadas, conforme a lo estipulado por la Ley del Seguro Social de 1973. La Comisi\u00f3n Nacional del Sistema de Ahorro para el Retiro (Consar) inform\u00f3 que quienes no alcancen 500 semanas registradas en el IMSS, solo recibir\u00e1n el ahorro acumulado en su cuenta Afore.<\/p>\n\n\n\n<p>De acuerdo con la normativa actual, este requisito aplica para los trabajadores inscritos antes del 1 de julio de 1997, quienes se rigen bajo el esquema de la Ley 73. Aunque el IMSS emplea mecanismos digitales y presenciales para facilitar el tr\u00e1mite, no exime del cumplimiento de los requisitos establecidos.<\/p>\n\n\n\n<p>Para acceder a una pensi\u00f3n por cesant\u00eda en edad avanzada, el solicitante debi\u00f3 cumplir al menos 60 a\u00f1os al momento de iniciar el proceso, o 65 en caso de solicitar la pensi\u00f3n por vejez. Adem\u00e1s, debi\u00f3 causar baja del r\u00e9gimen obligatorio, no contar con empleo remunerado y mantener la vigencia de derechos conforme a la Ley.<\/p>\n\n\n\n<p>Quienes no re\u00fanan el total de semanas requeridas, recibir\u00e1n una Negativa de Pensi\u00f3n. Esta resoluci\u00f3n implica que no se les otorgue un pago mensual, sino que se entrega en efectivo el saldo acumulado en la cuenta individual administrada por la Afore. En casos en los que tambi\u00e9n existan recursos en SAR IMSS 92 o SAR Infonavit 92, estos montos se entregar\u00e1n al cumplir 65 a\u00f1os.<\/p>\n\n\n\n<p>El proceso para solicitar la pensi\u00f3n se lleva a cabo en el \u00e1rea de Control de Prestaciones de la Unidad de Medicina Familiar (UMF) correspondiente. Tambi\u00e9n puede iniciarse a trav\u00e9s del portal institucional en la secci\u00f3n Mi Pensi\u00f3n Digital, pero necesario presentar la documentaci\u00f3n de forma presencial.<\/p>\n\n\n\n<p>Los documentos requeridos incluyen:<\/p>\n\n\n\n<p>Identificaci\u00f3n oficial con fotograf\u00eda.<br>Comprobante de domicilio reciente.<br>Acta de nacimiento certificada.<br>Datos bancarios del solicitante.<br>En caso de contar con dependientes econ\u00f3micos, se debe comprobar el v\u00ednculo mediante actas o documentos oficiales.<\/p>\n","protected":false},"excerpt":{"rendered":"<p>El Instituto Mexicano del Seguro Social (IMSS) neg\u00f3 el acceso a la pensi\u00f3n a trabajadores que no cumplieron con el requisito m\u00ednimo de semanas cotizadas, conforme a lo estipulado por la Ley del Seguro Social de 1973. La Comisi\u00f3n Nacional del Sistema de Ahorro para el Retiro (Consar) inform\u00f3 que quienes no alcancen 500 semanas [&hellip;]<\/p>\n","protected":false},"author":4,"featured_media":64298,"comment_status":"open","ping_status":"open","sticky":false,"template":"","format":"standard","meta":{"om_disable_all_campaigns":false,"_monsterinsights_skip_tracking":false,"_monsterinsights_sitenote_active":false,"_monsterinsights_sitenote_note":"","_monsterinsights_sitenote_category":0,"footnotes":""},"categories":[176],"tags":[223],"class_list":["post-64297","post","type-post","status-publish","format-standard","has-post-thumbnail","hentry","category-nacional","tag-puebla"],"amp_enabled":true,"_links":{"self":[{"href":"https:\/\/lahora.mx\/index.php\/wp-json\/wp\/v2\/posts\/64297","targetHints":{"allow":["GET"]}}],"collection":[{"href":"https:\/\/lahora.mx\/index.php\/wp-json\/wp\/v2\/posts"}],"about":[{"href":"https:\/\/lahora.mx\/index.php\/wp-json\/wp\/v2\/types\/post"}],"author":[{"embeddable":true,"href":"https:\/\/lahora.mx\/index.php\/wp-json\/wp\/v2\/users\/4"}],"replies":[{"embeddable":true,"href":"https:\/\/lahora.mx\/index.php\/wp-json\/wp\/v2\/comments?post=64297"}],"version-history":[{"count":1,"href":"https:\/\/lahora.mx\/index.php\/wp-json\/wp\/v2\/posts\/64297\/revisions"}],"predecessor-version":[{"id":64299,"href":"https:\/\/lahora.mx\/index.php\/wp-json\/wp\/v2\/posts\/64297\/revisions\/64299"}],"wp:featuredmedia":[{"embeddable":true,"href":"https:\/\/lahora.mx\/index.php\/wp-json\/wp\/v2\/media\/64298"}],"wp:attachment":[{"href":"https:\/\/lahora.mx\/index.php\/wp-json\/wp\/v2\/media?parent=64297"}],"wp:term":[{"taxonomy":"category","embeddable":true,"href":"https:\/\/lahora.mx\/index.php\/wp-json\/wp\/v2\/categories?post=64297"},{"taxonomy":"post_tag","embeddable":true,"href":"https:\/\/lahora.mx\/index.php\/wp-json\/wp\/v2\/tags?post=64297"}],"curies":[{"name":"wp","href":"https:\/\/api.w.org\/{rel}","templated":true}]}}