{"id":64294,"date":"2025-06-27T19:37:42","date_gmt":"2025-06-27T19:37:42","guid":{"rendered":"https:\/\/lahora.mx\/?p=64294"},"modified":"2025-06-27T19:37:42","modified_gmt":"2025-06-27T19:37:42","slug":"buscan-eliminar-licencias-de-conducir-provisionales-para-menores-en-puebla","status":"publish","type":"post","link":"https:\/\/lahora.mx\/index.php\/2025\/06\/27\/buscan-eliminar-licencias-de-conducir-provisionales-para-menores-en-puebla\/","title":{"rendered":"Buscan eliminar licencias de conducir provisionales para menores en Puebla"},"content":{"rendered":"\n<p>Una vez que entr\u00f3 en vigor la llamada Ley Casco en Puebla inici\u00f3 el proceso de reformas secundarias en materia de Movilidad y ahora se propone cancelar la entrega de licencias de conducir a menores de 18 a\u00f1os, como se hace en la actualidad.<\/p>\n\n\n\n<p>La coordinadora de la bancada de Morena, Laura Artemisa Garc\u00eda Ch\u00e1vez, propuso dos iniciativas para reformar la Ley de Transporte del Estado y la Ley de Hacienda.<\/p>\n\n\n\n<p>\u00bfSu objetivo? reforzar el proceso de entrega de licencias de conducir, asegur\u00f3 En primera instancia la reforma para el Ley de Transporte se basa en modificar los art\u00edculos 123 y 126.}<\/p>\n\n\n\n<p>Quieren establecer que la licencia de conducir provisional \u2014que actualmente se otorga a personas de 16 a 18 a\u00f1os\u2014 solo se expida para aquellos que hayan cumplido la mayor\u00eda de edad y que est\u00e9n aprendiendo a conducir<\/p>\n\n\n\n<p>Esta reforma aplicar\u00e1 incluso para motociclistas, quienes adem\u00e1s de de solicitar su licencia deber\u00e1n tramitar el distintivo que deber\u00e1 adherirse al casco, que ser\u00e1 permanente y solo se cambiar\u00e1 cuando el due\u00f1o lo solicite.<\/p>\n\n\n\n<p>En cuanto a la segunda reforma a la Ley de Hacienda, el art\u00edculo que se busca modifica es el 81. Tiene el objetivo de que se especifique que cuando una nueva motocicleta se adquiera, la empresa que realiz\u00f3 la venta entregue un permiso de traslado del punto de venta al domicilio de resguardo del veh\u00edculo.<\/p>\n\n\n\n<p>Estas reformas completar\u00e1n la reforma de Ley de Movilidad \u2014llamada Ley Casco\u2014 que aprobaron los diputados el pasado 18 de junio, donde se establece que todos los motociclistas deber\u00e1n portar un distintivo en el casco.<\/p>\n\n\n\n<p>Otra de las nuevas normas es que para los repartidores de plataformas que se mueven en motocicleta se estableci\u00f3 que deben portar chaleco con reflejante para que se identifiquen.<\/p>\n","protected":false},"excerpt":{"rendered":"<p>Una vez que entr\u00f3 en vigor la llamada Ley Casco en Puebla inici\u00f3 el proceso de reformas secundarias en materia de Movilidad y ahora se propone cancelar la entrega de licencias de conducir a menores de 18 a\u00f1os, como se hace en la actualidad. La coordinadora de la bancada de Morena, Laura Artemisa Garc\u00eda Ch\u00e1vez, [&hellip;]<\/p>\n","protected":false},"author":4,"featured_media":64295,"comment_status":"open","ping_status":"open","sticky":false,"template":"","format":"standard","meta":{"om_disable_all_campaigns":false,"_monsterinsights_skip_tracking":false,"_monsterinsights_sitenote_active":false,"_monsterinsights_sitenote_note":"","_monsterinsights_sitenote_category":0,"footnotes":""},"categories":[175],"tags":[195,223],"class_list":["post-64294","post","type-post","status-publish","format-standard","has-post-thumbnail","hentry","category-local","tag-principal","tag-puebla"],"amp_enabled":true,"_links":{"self":[{"href":"https:\/\/lahora.mx\/index.php\/wp-json\/wp\/v2\/posts\/64294","targetHints":{"allow":["GET"]}}],"collection":[{"href":"https:\/\/lahora.mx\/index.php\/wp-json\/wp\/v2\/posts"}],"about":[{"href":"https:\/\/lahora.mx\/index.php\/wp-json\/wp\/v2\/types\/post"}],"author":[{"embeddable":true,"href":"https:\/\/lahora.mx\/index.php\/wp-json\/wp\/v2\/users\/4"}],"replies":[{"embeddable":true,"href":"https:\/\/lahora.mx\/index.php\/wp-json\/wp\/v2\/comments?post=64294"}],"version-history":[{"count":1,"href":"https:\/\/lahora.mx\/index.php\/wp-json\/wp\/v2\/posts\/64294\/revisions"}],"predecessor-version":[{"id":64296,"href":"https:\/\/lahora.mx\/index.php\/wp-json\/wp\/v2\/posts\/64294\/revisions\/64296"}],"wp:featuredmedia":[{"embeddable":true,"href":"https:\/\/lahora.mx\/index.php\/wp-json\/wp\/v2\/media\/64295"}],"wp:attachment":[{"href":"https:\/\/lahora.mx\/index.php\/wp-json\/wp\/v2\/media?parent=64294"}],"wp:term":[{"taxonomy":"category","embeddable":true,"href":"https:\/\/lahora.mx\/index.php\/wp-json\/wp\/v2\/categories?post=64294"},{"taxonomy":"post_tag","embeddable":true,"href":"https:\/\/lahora.mx\/index.php\/wp-json\/wp\/v2\/tags?post=64294"}],"curies":[{"name":"wp","href":"https:\/\/api.w.org\/{rel}","templated":true}]}}