{"id":64282,"date":"2025-06-27T18:30:52","date_gmt":"2025-06-27T18:30:52","guid":{"rendered":"https:\/\/lahora.mx\/?p=64282"},"modified":"2025-06-27T18:30:53","modified_gmt":"2025-06-27T18:30:53","slug":"le-roban-equipo-a-grupo-jalado-en-puebla","status":"publish","type":"post","link":"https:\/\/lahora.mx\/index.php\/2025\/06\/27\/le-roban-equipo-a-grupo-jalado-en-puebla\/","title":{"rendered":"Le roban equipo a Grupo Jalado en Puebla"},"content":{"rendered":"\n<p>Ooootra vez robaron equipo e instrumentos musicales a una agrupaci\u00f3n en el estado de Puebla. Esta vez la mala suerte fue para \u00d3scar Bakano, integrante del Grupo Jalado.<\/p>\n\n\n\n<p>Al vocalista del grupo que salt\u00f3 a la fama en 2018 por su \u00e9xito Qu\u00e9 te vaya bien le robaron una camioneta tipo van Express color blanco con placas NHG6673 durante la madrugada de ayer.<\/p>\n\n\n\n<p>El robo ocurri\u00f3 en el barrio de Santiago Mixquitla, en el municipio de San Pedro Cholula, Puebla.<\/p>\n\n\n\n<p>Otras bandas reconocidas a nivel nacional e inclusive internacional que han sufrido robos de equipo musical en la entidad poblana son Caf\u00e9 Tacuba en 2019 y Moderatto en 2022.<\/p>\n\n\n\n<p>Este a\u00f1o han padecido la inseguridad el Sonido Master en abril, Los \u00c1ngeles Azules en mayo y Grupo CumbiOso este mismo mes. Con el reciente robo a Grupo Jalado suman 4 robos musicales este a\u00f1o.<\/p>\n\n\n\n<p>As\u00ed fue el robo al Grupo Jalado<br>C\u00e1maras de seguridad captaron el momento en los sujetos se robaron la camioneta con todo e instrumentos del Grupo Jalado.<\/p>\n\n\n\n<p>En la grabaci\u00f3n de tres minutos y medio se observa como uno de parece que empuja la unidad por varias calles hasta que otro veh\u00edculo de caracter\u00edsticas similares, pero color amarillo se le empareja.<\/p>\n\n\n\n<p>Acorde con las im\u00e1genes parece que, al momento de alinear los veh\u00edculos, personas bajan la camioneta de \u00d3scar Bakano y se montan a la otra. Tras el movimiento ambos veh\u00edculos desaparece de escena.<\/p>\n\n\n\n<p>El delito sucedi\u00f3 en medio de la noche, exactamente a las 06:53 horas del 25 de junio. El video lo public\u00f3 el vocalista del Grupo Jalado el d\u00eda siguiente, jueves, a las 11:17 horas en su cuenta de Facebook.<\/p>\n\n\n\n<p>Piden apoyo a los JaladoFans para encontrar camioneta y equipo robado<br>Tras el robo \u00d3scar Bakano solicit\u00f3 a trav\u00e9s de sus redes sociales el apoyo de la ciudadan\u00eda y de los seguidores de la agrupaci\u00f3n\u2014bautizados como JaladoFans\u2014 para que, en caso de identificar la camioneta o contar con informaci\u00f3n sobre su ubicaci\u00f3n, se comuniquen en privado a sus redes sociales o al 911.<\/p>\n\n\n\n<p>Las autoridades municipales ya iniciaron las investigaciones correspondientes para localizar el veh\u00edculo y ubicar a los responsables. Hasta el cierre de esta nota, no se ha localizado la unidad ni se tienen datos sobre su paradero.<\/p>\n\n\n\n<p>Roban equipo de sonido de Los \u00c1ngeles Azules<br>El viernes 9 de mayo un cami\u00f3n que transportaba instrumentos y equipo de audio del grupo Los \u00c1ngeles Azules fue interceptado por un presunto grupo armado que por medio de un ret\u00e9n falso en el kil\u00f3metro 61 de la carretera M\u00e9xico\u2013Puebla, con direcci\u00f3n a la Ciudad de M\u00e9xico.<\/p>\n\n\n\n<p>De acuerdo con la versi\u00f3n oficial los responsables se hicieron pasar por elementos de seguridad y utilizaron se\u00f1alamientos falsos para detener el veh\u00edculo.<\/p>\n\n\n\n<p>Una vez interceptado amozaran al personal del cami\u00f3n y sustrajeron el equipo. No se reportaron personas lesionadas. El monto de lo robado no se revel\u00f3.<\/p>\n\n\n\n<p>El equipo fue localizado el 14 de mayo en un predio ubicado en la comunidad de San Rafael Tlanalapan, perteneciente al municipio de San Mart\u00edn Texmelucan.<\/p>\n","protected":false},"excerpt":{"rendered":"<p>Ooootra vez robaron equipo e instrumentos musicales a una agrupaci\u00f3n en el estado de Puebla. Esta vez la mala suerte fue para \u00d3scar Bakano, integrante del Grupo Jalado. Al vocalista del grupo que salt\u00f3 a la fama en 2018 por su \u00e9xito Qu\u00e9 te vaya bien le robaron una camioneta tipo van Express color blanco [&hellip;]<\/p>\n","protected":false},"author":4,"featured_media":64283,"comment_status":"open","ping_status":"open","sticky":false,"template":"","format":"standard","meta":{"om_disable_all_campaigns":false,"_monsterinsights_skip_tracking":false,"_monsterinsights_sitenote_active":false,"_monsterinsights_sitenote_note":"","_monsterinsights_sitenote_category":0,"footnotes":""},"categories":[175,226],"tags":[223],"class_list":["post-64282","post","type-post","status-publish","format-standard","has-post-thumbnail","hentry","category-local","category-policia","tag-puebla"],"amp_enabled":true,"_links":{"self":[{"href":"https:\/\/lahora.mx\/index.php\/wp-json\/wp\/v2\/posts\/64282","targetHints":{"allow":["GET"]}}],"collection":[{"href":"https:\/\/lahora.mx\/index.php\/wp-json\/wp\/v2\/posts"}],"about":[{"href":"https:\/\/lahora.mx\/index.php\/wp-json\/wp\/v2\/types\/post"}],"author":[{"embeddable":true,"href":"https:\/\/lahora.mx\/index.php\/wp-json\/wp\/v2\/users\/4"}],"replies":[{"embeddable":true,"href":"https:\/\/lahora.mx\/index.php\/wp-json\/wp\/v2\/comments?post=64282"}],"version-history":[{"count":1,"href":"https:\/\/lahora.mx\/index.php\/wp-json\/wp\/v2\/posts\/64282\/revisions"}],"predecessor-version":[{"id":64284,"href":"https:\/\/lahora.mx\/index.php\/wp-json\/wp\/v2\/posts\/64282\/revisions\/64284"}],"wp:featuredmedia":[{"embeddable":true,"href":"https:\/\/lahora.mx\/index.php\/wp-json\/wp\/v2\/media\/64283"}],"wp:attachment":[{"href":"https:\/\/lahora.mx\/index.php\/wp-json\/wp\/v2\/media?parent=64282"}],"wp:term":[{"taxonomy":"category","embeddable":true,"href":"https:\/\/lahora.mx\/index.php\/wp-json\/wp\/v2\/categories?post=64282"},{"taxonomy":"post_tag","embeddable":true,"href":"https:\/\/lahora.mx\/index.php\/wp-json\/wp\/v2\/tags?post=64282"}],"curies":[{"name":"wp","href":"https:\/\/api.w.org\/{rel}","templated":true}]}}