{"id":64273,"date":"2025-06-27T17:05:47","date_gmt":"2025-06-27T17:05:47","guid":{"rendered":"https:\/\/lahora.mx\/?p=64273"},"modified":"2025-06-27T17:05:48","modified_gmt":"2025-06-27T17:05:48","slug":"anuncian-calendario-de-unidades-moviles-para-licencias-en-puebla-durante-ultima-semana-de-junio","status":"publish","type":"post","link":"https:\/\/lahora.mx\/index.php\/2025\/06\/27\/anuncian-calendario-de-unidades-moviles-para-licencias-en-puebla-durante-ultima-semana-de-junio\/","title":{"rendered":"Anuncian calendario de unidades m\u00f3viles para licencias en Puebla durante \u00faltima semana de junio"},"content":{"rendered":"\n<p>La Secretar\u00eda de Movilidad y Transporte del estado dio a conocer el itinerario de las unidades m\u00f3viles encargadas de expedir licencias de conducir particulares durante la \u00faltima semana de junio de 2025.<br><br>Cada unidad comenzar\u00e1 operaciones a partir de las 9:00 de la ma\u00f1ana y ofrecer\u00e1 atenci\u00f3n a un m\u00e1ximo de 60 personas por d\u00eda, mediante la entrega de fichas.<\/p>\n\n\n\n<p>El itinerario comenzar\u00e1 el domingo 23 de junio en la Junta Auxiliar de Ignacio Romero Vargas, en el municipio de Puebla. Posteriormente, el servicio continuar\u00e1 los d\u00edas 24 y 25 de junio en el municipio de San Andr\u00e9s Calpan.<\/p>\n\n\n\n<p>Asimismo, el 25 de junio, otra unidad estar\u00e1 prestando servicio de manera paralela en Francisco Z. Mena, con el objetivo de ampliar la cobertura en distintas regiones del estado.<\/p>\n\n\n\n<p>Para el mi\u00e9rcoles 26 de junio, la jornada se llevar\u00e1 a cabo en la Junta Auxiliar de San Baltazar Campeche, mientras que el cierre de la semana ser\u00e1 el jueves 27, cuando las unidades visitar\u00e1n los municipios de San Jos\u00e9 Acateno y Soltepec.<\/p>\n\n\n\n<p>Las autoridades invitan a la poblaci\u00f3n a llegar con anticipaci\u00f3n y portar la documentaci\u00f3n requerida para agilizar el proceso de tr\u00e1mite.<\/p>\n","protected":false},"excerpt":{"rendered":"<p>La Secretar\u00eda de Movilidad y Transporte del estado dio a conocer el itinerario de las unidades m\u00f3viles encargadas de expedir licencias de conducir particulares durante la \u00faltima semana de junio de 2025. Cada unidad comenzar\u00e1 operaciones a partir de las 9:00 de la ma\u00f1ana y ofrecer\u00e1 atenci\u00f3n a un m\u00e1ximo de 60 personas por d\u00eda, [&hellip;]<\/p>\n","protected":false},"author":4,"featured_media":64274,"comment_status":"open","ping_status":"open","sticky":false,"template":"","format":"standard","meta":{"om_disable_all_campaigns":false,"_monsterinsights_skip_tracking":false,"_monsterinsights_sitenote_active":false,"_monsterinsights_sitenote_note":"","_monsterinsights_sitenote_category":0,"footnotes":""},"categories":[175],"tags":[239,195,223],"class_list":["post-64273","post","type-post","status-publish","format-standard","has-post-thumbnail","hentry","category-local","tag-gobierno","tag-principal","tag-puebla"],"amp_enabled":true,"_links":{"self":[{"href":"https:\/\/lahora.mx\/index.php\/wp-json\/wp\/v2\/posts\/64273","targetHints":{"allow":["GET"]}}],"collection":[{"href":"https:\/\/lahora.mx\/index.php\/wp-json\/wp\/v2\/posts"}],"about":[{"href":"https:\/\/lahora.mx\/index.php\/wp-json\/wp\/v2\/types\/post"}],"author":[{"embeddable":true,"href":"https:\/\/lahora.mx\/index.php\/wp-json\/wp\/v2\/users\/4"}],"replies":[{"embeddable":true,"href":"https:\/\/lahora.mx\/index.php\/wp-json\/wp\/v2\/comments?post=64273"}],"version-history":[{"count":1,"href":"https:\/\/lahora.mx\/index.php\/wp-json\/wp\/v2\/posts\/64273\/revisions"}],"predecessor-version":[{"id":64275,"href":"https:\/\/lahora.mx\/index.php\/wp-json\/wp\/v2\/posts\/64273\/revisions\/64275"}],"wp:featuredmedia":[{"embeddable":true,"href":"https:\/\/lahora.mx\/index.php\/wp-json\/wp\/v2\/media\/64274"}],"wp:attachment":[{"href":"https:\/\/lahora.mx\/index.php\/wp-json\/wp\/v2\/media?parent=64273"}],"wp:term":[{"taxonomy":"category","embeddable":true,"href":"https:\/\/lahora.mx\/index.php\/wp-json\/wp\/v2\/categories?post=64273"},{"taxonomy":"post_tag","embeddable":true,"href":"https:\/\/lahora.mx\/index.php\/wp-json\/wp\/v2\/tags?post=64273"}],"curies":[{"name":"wp","href":"https:\/\/api.w.org\/{rel}","templated":true}]}}