{"id":64264,"date":"2025-06-21T03:48:05","date_gmt":"2025-06-21T03:48:05","guid":{"rendered":"https:\/\/lahora.mx\/?p=64264"},"modified":"2025-06-27T03:50:28","modified_gmt":"2025-06-27T03:50:28","slug":"celebran-en-cu2-el-concurso-robomatrix-liga-latinoamericana-de-robotica-de-competencia","status":"publish","type":"post","link":"https:\/\/lahora.mx\/index.php\/2025\/06\/21\/celebran-en-cu2-el-concurso-robomatrix-liga-latinoamericana-de-robotica-de-competencia\/","title":{"rendered":"Celebran en CU2 el concurso \u201cRobomatrix, Liga latinoamericana de rob\u00f3tica de competencia\u201d"},"content":{"rendered":"\n<p>Gracias a una alianza con la Sociedad Latinoamericana de Ciencia y Tecnolog\u00eda A.C (SOLACYT), la BUAP fue sede por primera vez del concurso \u201cRobomatrix, Liga latinoamericana de rob\u00f3tica de competencia\u201d, en las instalaciones de Ciudad Universitaria 2 (CU2), donde la Rectora Lilia Cedillo Ram\u00edrez fue testigo de las habilidades y creatividad de ni\u00f1os, ni\u00f1as y j\u00f3venes que participaron en esta competencia.<\/p>\n\n\n\n<p>En este Robomatrix se integraron categor\u00edas como: Sumobot, batalla de robots aut\u00f3nomos de un peso y tama\u00f1o especificos; Seguidor de l\u00edneas, prototipo aut\u00f3nomo que recorre un circuito en el menor tiempo posible; Instrucciones a la abeja, una competencia para ni\u00f1os de preescolar y primaria; Robofut y Todoterreno.<\/p>\n\n\n\n<p>Para esta edici\u00f3n, m\u00e1s de 50 alumnos y alumnas de distintas edades participaron en diferentes categor\u00edas. Asimismo, alumnos y docentes de la Facultad de Computaci\u00f3n expusieron proyectos para incentivar una participaci\u00f3n de la comunidad BUAP.<\/p>\n\n\n\n<p>La Sociedad Latinoamericana de Ciencia y Tecnolog\u00eda tiene como objetivo fomentar la ciencia y tecnolog\u00eda entre profesores y estudiantes a trav\u00e9s del desarrollo de concursos, olimpiadas y ferias, en las que el tema de la rob\u00f3tica y la Electr\u00f3nica es punto de partida.<\/p>\n","protected":false},"excerpt":{"rendered":"<p>Gracias a una alianza con la Sociedad Latinoamericana de Ciencia y Tecnolog\u00eda A.C (SOLACYT), la BUAP fue sede por primera vez del concurso \u201cRobomatrix, Liga latinoamericana de rob\u00f3tica de competencia\u201d, en las instalaciones de Ciudad Universitaria 2 (CU2), donde la Rectora Lilia Cedillo Ram\u00edrez fue testigo de las habilidades y creatividad de ni\u00f1os, ni\u00f1as y [&hellip;]<\/p>\n","protected":false},"author":4,"featured_media":64265,"comment_status":"open","ping_status":"open","sticky":false,"template":"","format":"standard","meta":{"om_disable_all_campaigns":false,"_monsterinsights_skip_tracking":false,"_monsterinsights_sitenote_active":false,"_monsterinsights_sitenote_note":"","_monsterinsights_sitenote_category":0,"footnotes":""},"categories":[175],"tags":[186,223],"class_list":["post-64264","post","type-post","status-publish","format-standard","has-post-thumbnail","hentry","category-local","tag-buap","tag-puebla"],"amp_enabled":true,"_links":{"self":[{"href":"https:\/\/lahora.mx\/index.php\/wp-json\/wp\/v2\/posts\/64264","targetHints":{"allow":["GET"]}}],"collection":[{"href":"https:\/\/lahora.mx\/index.php\/wp-json\/wp\/v2\/posts"}],"about":[{"href":"https:\/\/lahora.mx\/index.php\/wp-json\/wp\/v2\/types\/post"}],"author":[{"embeddable":true,"href":"https:\/\/lahora.mx\/index.php\/wp-json\/wp\/v2\/users\/4"}],"replies":[{"embeddable":true,"href":"https:\/\/lahora.mx\/index.php\/wp-json\/wp\/v2\/comments?post=64264"}],"version-history":[{"count":1,"href":"https:\/\/lahora.mx\/index.php\/wp-json\/wp\/v2\/posts\/64264\/revisions"}],"predecessor-version":[{"id":64267,"href":"https:\/\/lahora.mx\/index.php\/wp-json\/wp\/v2\/posts\/64264\/revisions\/64267"}],"wp:featuredmedia":[{"embeddable":true,"href":"https:\/\/lahora.mx\/index.php\/wp-json\/wp\/v2\/media\/64265"}],"wp:attachment":[{"href":"https:\/\/lahora.mx\/index.php\/wp-json\/wp\/v2\/media?parent=64264"}],"wp:term":[{"taxonomy":"category","embeddable":true,"href":"https:\/\/lahora.mx\/index.php\/wp-json\/wp\/v2\/categories?post=64264"},{"taxonomy":"post_tag","embeddable":true,"href":"https:\/\/lahora.mx\/index.php\/wp-json\/wp\/v2\/tags?post=64264"}],"curies":[{"name":"wp","href":"https:\/\/api.w.org\/{rel}","templated":true}]}}