{"id":64223,"date":"2025-06-27T02:58:16","date_gmt":"2025-06-27T02:58:16","guid":{"rendered":"https:\/\/lahora.mx\/?p=64223"},"modified":"2025-06-27T02:58:16","modified_gmt":"2025-06-27T02:58:16","slug":"lupita-cuautle-entrega-apoyos-alimentarios-en-cholula","status":"publish","type":"post","link":"https:\/\/lahora.mx\/index.php\/2025\/06\/27\/lupita-cuautle-entrega-apoyos-alimentarios-en-cholula\/","title":{"rendered":"Lupita Cuautle entrega apoyos alimentarios en Cholula"},"content":{"rendered":"\n<p>La presidenta municipal Lupita Cuautle Torres encabez\u00f3 la entrega de 5,776 despensas, destinadas a grupos vulnerables de San Andr\u00e9s Cholula.<\/p>\n\n\n\n<p>La distribuci\u00f3n corresponde a los programas Atenci\u00f3n Alimentaria en los Primeros 1,000 D\u00edas y Atenci\u00f3n Alimentaria a Personas en Situaci\u00f3n de Vulnerabilidad, en coordinaci\u00f3n con el Sistema Estatal DIF.<\/p>\n\n\n\n<p>Durante el acto, la alcaldesa subray\u00f3 que este esfuerzo busca mejorar la nutrici\u00f3n familiar y apoyar la econom\u00eda de sectores prioritarios, mediante asistencia alimentaria directa y continua.<\/p>\n\n\n\n<p>Del total de apoyos, 1,900 despensas se entregaron a 475 mujeres beneficiarias del programa que atiende la etapa de gestaci\u00f3n y lactancia, as\u00ed como a madres con hijas e hijos peque\u00f1os.<\/p>\n\n\n\n<p>Por su parte, 3,876 despensas fueron destinadas a 969 personas en situaci\u00f3n de vulnerabilidad, incluyendo adultos mayores, personas con discapacidad, pacientes con c\u00e1ncer y menores de edad.<\/p>\n\n\n\n<p>La directora del Sistema Municipal DIF, Aurora Tlatehui Cuautle, destac\u00f3 que los paquetes alimentarios contribuyen a cubrir requerimientos nutricionales clave en etapas tempranas y condiciones cr\u00edticas de salud.<\/p>\n\n\n\n<p>Los insumos est\u00e1n dirigidos a mujeres embarazadas, lactantes y familias con ni\u00f1as y ni\u00f1os de 12 a 24 meses, as\u00ed como a menores de 2 a 5 a\u00f1os.<\/p>\n\n\n\n<p>La administraci\u00f3n municipal enfatiz\u00f3 que estas acciones reflejan el compromiso de fortalecer la solidaridad comunitaria y fomentar la confianza en las instituciones p\u00fablicas.<\/p>\n\n\n\n<p>Adem\u00e1s, se busca promover la organizaci\u00f3n del gasto familiar al dotar de alimentos b\u00e1sicos a quienes m\u00e1s lo necesitan en San Andr\u00e9s Cholula.<\/p>\n","protected":false},"excerpt":{"rendered":"<p>La presidenta municipal Lupita Cuautle Torres encabez\u00f3 la entrega de 5,776 despensas, destinadas a grupos vulnerables de San Andr\u00e9s Cholula. La distribuci\u00f3n corresponde a los programas Atenci\u00f3n Alimentaria en los Primeros 1,000 D\u00edas y Atenci\u00f3n Alimentaria a Personas en Situaci\u00f3n de Vulnerabilidad, en coordinaci\u00f3n con el Sistema Estatal DIF. Durante el acto, la alcaldesa subray\u00f3 [&hellip;]<\/p>\n","protected":false},"author":4,"featured_media":64225,"comment_status":"open","ping_status":"open","sticky":false,"template":"","format":"standard","meta":{"om_disable_all_campaigns":false,"_monsterinsights_skip_tracking":false,"_monsterinsights_sitenote_active":false,"_monsterinsights_sitenote_note":"","_monsterinsights_sitenote_category":0,"footnotes":""},"categories":[175],"tags":[234,223],"class_list":["post-64223","post","type-post","status-publish","format-standard","has-post-thumbnail","hentry","category-local","tag-cholula","tag-puebla"],"amp_enabled":true,"_links":{"self":[{"href":"https:\/\/lahora.mx\/index.php\/wp-json\/wp\/v2\/posts\/64223","targetHints":{"allow":["GET"]}}],"collection":[{"href":"https:\/\/lahora.mx\/index.php\/wp-json\/wp\/v2\/posts"}],"about":[{"href":"https:\/\/lahora.mx\/index.php\/wp-json\/wp\/v2\/types\/post"}],"author":[{"embeddable":true,"href":"https:\/\/lahora.mx\/index.php\/wp-json\/wp\/v2\/users\/4"}],"replies":[{"embeddable":true,"href":"https:\/\/lahora.mx\/index.php\/wp-json\/wp\/v2\/comments?post=64223"}],"version-history":[{"count":1,"href":"https:\/\/lahora.mx\/index.php\/wp-json\/wp\/v2\/posts\/64223\/revisions"}],"predecessor-version":[{"id":64226,"href":"https:\/\/lahora.mx\/index.php\/wp-json\/wp\/v2\/posts\/64223\/revisions\/64226"}],"wp:featuredmedia":[{"embeddable":true,"href":"https:\/\/lahora.mx\/index.php\/wp-json\/wp\/v2\/media\/64225"}],"wp:attachment":[{"href":"https:\/\/lahora.mx\/index.php\/wp-json\/wp\/v2\/media?parent=64223"}],"wp:term":[{"taxonomy":"category","embeddable":true,"href":"https:\/\/lahora.mx\/index.php\/wp-json\/wp\/v2\/categories?post=64223"},{"taxonomy":"post_tag","embeddable":true,"href":"https:\/\/lahora.mx\/index.php\/wp-json\/wp\/v2\/tags?post=64223"}],"curies":[{"name":"wp","href":"https:\/\/api.w.org\/{rel}","templated":true}]}}