{"id":64219,"date":"2025-06-27T02:22:37","date_gmt":"2025-06-27T02:22:37","guid":{"rendered":"https:\/\/lahora.mx\/?p=64219"},"modified":"2025-06-27T02:22:37","modified_gmt":"2025-06-27T02:22:37","slug":"pepe-chedraui-y-marielise-budib-inauguran-jornada-contra-las-adicciones","status":"publish","type":"post","link":"https:\/\/lahora.mx\/index.php\/2025\/06\/27\/pepe-chedraui-y-marielise-budib-inauguran-jornada-contra-las-adicciones\/","title":{"rendered":"Pepe Chedraui y MariElise Budib inauguran jornada contra las adicciones"},"content":{"rendered":"\n<p>A fin de conmemorar el D\u00eda Internacional contra las Adicciones, el presidente municipal Pepe Chedraui y la presidenta del Patronato del DIF Puebla Capital, MariElise Budib, inauguraron la jornada \u201cX una Capital sin Adicciones\u201d, en la que participaron j\u00f3venes, empresas e instituciones.<\/p>\n\n\n\n<p>El evento fue organizado por el Sistema Municipal DIF (SMDIF), el Instituto Municipal del Deporte (IMDP) y el Instituto de la Juventud (IJMP), con la intenci\u00f3n de promover la prevenci\u00f3n y fomentar estilos de vida saludables en los j\u00f3venes.<\/p>\n\n\n\n<p>Pepe Chedraui y MariElise Budib inauguran jornada contra las adicciones<br>La actividad invit\u00f3 a la reflexi\u00f3n en torno a los h\u00e1bitos de alimentaci\u00f3n, la sana convivencia, el fortalecimiento de valores, la salud f\u00edsica, mental y sexual, adem\u00e1s de generar espacios de esparcimiento y recreaci\u00f3n.<\/p>\n\n\n\n<p>En su mensaje, el alcalde reconoci\u00f3 el esfuerzo y la empat\u00eda para que universidades, sociedad civil y gobierno contin\u00faen trabajando por el bien de las familias poblanas.<\/p>\n\n\n\n<p>\u201cEn Puebla nos sumamos a la estrategia nacional contra las adicciones, convencidos que el deporte, la cultura y el acompa\u00f1amiento emocional son herramientas clave para combatir las adicciones. Quiero hacer una menci\u00f3n especial a mi esposa MariElise, gracias a tu dedicaci\u00f3n, desde el DIF, las familias poblanas cuentan con un apoyo cercano en cada una de las juntas auxiliares de la capital\u201d, enfatiz\u00f3.\u00e7<\/p>\n\n\n\n<p>Pepe Chedraui y MariElise Budib inauguran jornada contra las adicciones<br>A su vez, la presidenta del Patronato del DIF Puebla Capital, destac\u00f3 que estos espacios permiten brindar educaci\u00f3n, acompa\u00f1amiento emocional y actividades recreativas para ni\u00f1os y adolescentes, fortaleciendo as\u00ed su desarrollo integral.<\/p>\n\n\n\n<p>\u201cGracias por sumarse con tanto entusiasmo a este d\u00eda que lleva un mensaje importante, decirle s\u00ed a la vida, s\u00ed a la salud, s\u00ed a los sue\u00f1os que merecen cumplir. Hoy conmemoramos el D\u00eda Internacional contra las adicciones, y m\u00e1s que enfocarnos en el problema, estamos aqu\u00ed para enfocarnos en la soluci\u00f3n. Desde el DIF Puebla Capital y junto con mi esposo Pepe Chedraui, nos preocupamos, pero m\u00e1s importante, nos ocupamos por el bienestar de nuestra juventud. Queremos verlos crecer fuertes, seguros de s\u00ed mismos y con herramientas para tomar buenas decisiones\u201d, se\u00f1al\u00f3.<\/p>\n\n\n\n<p>Pepe Chedraui y MariElise Budib inauguran jornada contra las adicciones<br>Asimismo, Marco Martos, head coach del equipo de futbol americano profesional Arc\u00e1ngeles, coment\u00f3 con respecto a los problemas sociales que enfrenta la juventud y de qu\u00e9 forma el acompa\u00f1amiento y apoyo de los padres de familia es fundamental para evitar las malas compa\u00f1\u00edas que los puedan llevar a las adicciones.<\/p>\n\n\n\n<p>Por otro lado, se realiz\u00f3 una carrera de botargas, llev\u00e1ndose el primer lugar \u201cLucho\u201d de la Universidad Metropolitana, el segundo lugar \u201cImparable\u201d del IMDP, y finalmente el tercer lugar \u201cFuerte\u201d del Club Puebla.<\/p>\n","protected":false},"excerpt":{"rendered":"<p>A fin de conmemorar el D\u00eda Internacional contra las Adicciones, el presidente municipal Pepe Chedraui y la presidenta del Patronato del DIF Puebla Capital, MariElise Budib, inauguraron la jornada \u201cX una Capital sin Adicciones\u201d, en la que participaron j\u00f3venes, empresas e instituciones. El evento fue organizado por el Sistema Municipal DIF (SMDIF), el Instituto Municipal [&hellip;]<\/p>\n","protected":false},"author":4,"featured_media":64220,"comment_status":"open","ping_status":"open","sticky":false,"template":"","format":"standard","meta":{"om_disable_all_campaigns":false,"_monsterinsights_skip_tracking":false,"_monsterinsights_sitenote_active":false,"_monsterinsights_sitenote_note":"","_monsterinsights_sitenote_category":0,"footnotes":""},"categories":[175],"tags":[223],"class_list":["post-64219","post","type-post","status-publish","format-standard","has-post-thumbnail","hentry","category-local","tag-puebla"],"amp_enabled":true,"_links":{"self":[{"href":"https:\/\/lahora.mx\/index.php\/wp-json\/wp\/v2\/posts\/64219","targetHints":{"allow":["GET"]}}],"collection":[{"href":"https:\/\/lahora.mx\/index.php\/wp-json\/wp\/v2\/posts"}],"about":[{"href":"https:\/\/lahora.mx\/index.php\/wp-json\/wp\/v2\/types\/post"}],"author":[{"embeddable":true,"href":"https:\/\/lahora.mx\/index.php\/wp-json\/wp\/v2\/users\/4"}],"replies":[{"embeddable":true,"href":"https:\/\/lahora.mx\/index.php\/wp-json\/wp\/v2\/comments?post=64219"}],"version-history":[{"count":1,"href":"https:\/\/lahora.mx\/index.php\/wp-json\/wp\/v2\/posts\/64219\/revisions"}],"predecessor-version":[{"id":64221,"href":"https:\/\/lahora.mx\/index.php\/wp-json\/wp\/v2\/posts\/64219\/revisions\/64221"}],"wp:featuredmedia":[{"embeddable":true,"href":"https:\/\/lahora.mx\/index.php\/wp-json\/wp\/v2\/media\/64220"}],"wp:attachment":[{"href":"https:\/\/lahora.mx\/index.php\/wp-json\/wp\/v2\/media?parent=64219"}],"wp:term":[{"taxonomy":"category","embeddable":true,"href":"https:\/\/lahora.mx\/index.php\/wp-json\/wp\/v2\/categories?post=64219"},{"taxonomy":"post_tag","embeddable":true,"href":"https:\/\/lahora.mx\/index.php\/wp-json\/wp\/v2\/tags?post=64219"}],"curies":[{"name":"wp","href":"https:\/\/api.w.org\/{rel}","templated":true}]}}