{"id":64216,"date":"2025-06-27T02:21:04","date_gmt":"2025-06-27T02:21:04","guid":{"rendered":"https:\/\/lahora.mx\/?p=64216"},"modified":"2025-06-27T02:21:05","modified_gmt":"2025-06-27T02:21:05","slug":"ex-comandante-ejecutado-en-texmelucan-era-abogado-de-la-marrana-lider-del-cartel-de-las-4-letras","status":"publish","type":"post","link":"https:\/\/lahora.mx\/index.php\/2025\/06\/27\/ex-comandante-ejecutado-en-texmelucan-era-abogado-de-la-marrana-lider-del-cartel-de-las-4-letras\/","title":{"rendered":"Ex comandante ejecutado en Texmelucan era abogado de \u2018La Marrana\u2019, l\u00edder del C\u00e1rtel de las 4 Letras"},"content":{"rendered":"\n<p>Luego de la violenta ejecuci\u00f3n en San Mart\u00edn Texmelucan de Marco Antonio \u201cN\u201d, ex comandante de la Polic\u00eda Ministerial, comenz\u00f3 a circular la versi\u00f3n de que tambi\u00e9n era un abogado activo que formaba parte de la defensa de Mario Alberto \u201cN\u201d, alias \u201cLa Marrana\u201d, se\u00f1alado como el principal generador de violencia en el municipio y quien fue detenido recientemente.<\/p>\n\n\n\n<p>\u201cLa Marrana\u201d era, adem\u00e1s, el presunto jefe de plaza del C\u00e1rtel de Jalisco Nueva Generaci\u00f3n (CJNG) y responsable de la violencia otros municipios como Santa Rita Tlahuapan, San Mat\u00edas Tlalancaleca y San Salvador El Verde.<\/p>\n\n\n\n<p>Es importante recordar que Mario Alberto \u201cN\u201d fue capturado el pasado 11 de junio por la Fiscal\u00eda General del Estado en el municipio de Chalco, sobre la autopista M\u00e9xico-Puebla.<\/p>\n\n\n\n<p>Adem\u00e1s, se le relaciona con los cuerpos hallados en los municipios mencionados, junto a los cuales se encontraron mensajes firmados con su alias.<\/p>\n\n\n\n<p>Mientras que el ex comandante fue abatido en un sangriento ataque cuando viajaba en un veh\u00edculo rojo junto a su esposa, Mar\u00eda Isabel \u201cN\u201d, en la calle Zaragoza, colonia Centro, de San Mart\u00edn Texmelucan.<\/p>\n\n\n\n<p>Sicarios en motocicleta habr\u00edan sido los que perpetraron el atentado, dejando a su paso la muerte del ex funcionario y la esposa lesionada.<\/p>\n","protected":false},"excerpt":{"rendered":"<p>Luego de la violenta ejecuci\u00f3n en San Mart\u00edn Texmelucan de Marco Antonio \u201cN\u201d, ex comandante de la Polic\u00eda Ministerial, comenz\u00f3 a circular la versi\u00f3n de que tambi\u00e9n era un abogado activo que formaba parte de la defensa de Mario Alberto \u201cN\u201d, alias \u201cLa Marrana\u201d, se\u00f1alado como el principal generador de violencia en el municipio y [&hellip;]<\/p>\n","protected":false},"author":4,"featured_media":64217,"comment_status":"open","ping_status":"open","sticky":false,"template":"","format":"standard","meta":{"om_disable_all_campaigns":false,"_monsterinsights_skip_tracking":false,"_monsterinsights_sitenote_active":false,"_monsterinsights_sitenote_note":"","_monsterinsights_sitenote_category":0,"footnotes":""},"categories":[175,176,226],"tags":[223],"class_list":["post-64216","post","type-post","status-publish","format-standard","has-post-thumbnail","hentry","category-local","category-nacional","category-policia","tag-puebla"],"amp_enabled":true,"_links":{"self":[{"href":"https:\/\/lahora.mx\/index.php\/wp-json\/wp\/v2\/posts\/64216","targetHints":{"allow":["GET"]}}],"collection":[{"href":"https:\/\/lahora.mx\/index.php\/wp-json\/wp\/v2\/posts"}],"about":[{"href":"https:\/\/lahora.mx\/index.php\/wp-json\/wp\/v2\/types\/post"}],"author":[{"embeddable":true,"href":"https:\/\/lahora.mx\/index.php\/wp-json\/wp\/v2\/users\/4"}],"replies":[{"embeddable":true,"href":"https:\/\/lahora.mx\/index.php\/wp-json\/wp\/v2\/comments?post=64216"}],"version-history":[{"count":1,"href":"https:\/\/lahora.mx\/index.php\/wp-json\/wp\/v2\/posts\/64216\/revisions"}],"predecessor-version":[{"id":64218,"href":"https:\/\/lahora.mx\/index.php\/wp-json\/wp\/v2\/posts\/64216\/revisions\/64218"}],"wp:featuredmedia":[{"embeddable":true,"href":"https:\/\/lahora.mx\/index.php\/wp-json\/wp\/v2\/media\/64217"}],"wp:attachment":[{"href":"https:\/\/lahora.mx\/index.php\/wp-json\/wp\/v2\/media?parent=64216"}],"wp:term":[{"taxonomy":"category","embeddable":true,"href":"https:\/\/lahora.mx\/index.php\/wp-json\/wp\/v2\/categories?post=64216"},{"taxonomy":"post_tag","embeddable":true,"href":"https:\/\/lahora.mx\/index.php\/wp-json\/wp\/v2\/tags?post=64216"}],"curies":[{"name":"wp","href":"https:\/\/api.w.org\/{rel}","templated":true}]}}