{"id":64197,"date":"2025-06-26T17:38:40","date_gmt":"2025-06-26T17:38:40","guid":{"rendered":"https:\/\/lahora.mx\/?p=64197"},"modified":"2025-06-26T17:38:40","modified_gmt":"2025-06-26T17:38:40","slug":"sedif-defensa-y-pc-actuan-en-coordinacion-ante-contingencia-en-francisco-z-mena","status":"publish","type":"post","link":"https:\/\/lahora.mx\/index.php\/2025\/06\/26\/sedif-defensa-y-pc-actuan-en-coordinacion-ante-contingencia-en-francisco-z-mena\/","title":{"rendered":"SEDIF, Defensa y PC act\u00faan en coordinaci\u00f3n ante contingencia en Francisco Z. Mena"},"content":{"rendered":"\n<p>En respuesta inmediata a la contingencia provocada por el desbordamiento del r\u00edo Pantepec, el Sistema Estatal para el Desarrollo Integral de la Familia (SEDIF), en coordinaci\u00f3n con Protecci\u00f3n Civil Estatal y el Ej\u00e9rcito Mexicano mediante el Plan DN-III-E, realiz\u00f3 la entrega de apoyos alimentarios en comunidades del municipio de Francisco Z. Mena, correspondiente a la regi\u00f3n 01 del estado de Puebla.<\/p>\n\n\n\n<p>Este d\u00eda se distribuyeron 272 despensas en la comunidad de Los Planes y 300 en Las Balsas, zonas a las que a\u00fan es posible acceder por v\u00eda terrestre. En el caso de La Ceiba y La M\u00e1quina, donde el acceso permanece bloqueado, se organiz\u00f3 el traslado de 260 cobertores y 520 despensas a trav\u00e9s de una ruta alterna con paso por el municipio de Ixhuatl\u00e1n de Madero, Veracruz.<\/p>\n\n\n\n<p>El cauce del r\u00edo mantiene una profundidad de hasta 12 metros y una corriente peligrosa, lo cual impide el cruce seguro con lanchas motorizadas. Aunque se cuenta con estas embarcaciones, las autoridades decidieron no utilizarlas ante la presencia de rocas y \u00e1rboles que representar\u00edan un alto riesgo para el personal a bordo.<\/p>\n\n\n\n<p>Protecci\u00f3n Civil Estatal contin\u00faa con el monitoreo del r\u00edo y permanece en espera de condiciones clim\u00e1ticas favorables que permitan el acceso a\u00e9reo hacia las comunidades incomunicadas.<\/p>\n\n\n\n<p>Los reportes de escasez alimentaria por parte de habitantes de La Ceiba y La M\u00e1quina activaron la respuesta del SEDIF. Las brigadas, junto con delegaciones regionales, personal de Protecci\u00f3n Civil y elementos del Ej\u00e9rcito Mexicano, coordinaron las acciones para garantizar la llegada de insumos sin poner en riesgo la seguridad de las familias ni del equipo operativo.<\/p>\n\n\n\n<p>Estas labores reflejan el compromiso del Gobierno del Estado que encabeza el gobernador Alejandro Armenta, a trav\u00e9s de la bio\u00e9tica social replicada desde el SEDIF bajo el liderazgo de la presidenta del Patronato, Ceci Arellano, y del director general, Juan Carlos Valdez Zayas.<\/p>\n\n\n\n<p>En toda emergencia, la prioridad es clara: proteger la vida, la dignidad y el bienestar de quienes m\u00e1s lo necesitan.<\/p>\n\n\n\n<p>Mantente al tanto de todas las noticias de Puebla y el mundo. Haz clic aqu\u00ed para seguir explorando nuestro portal.<\/p>\n","protected":false},"excerpt":{"rendered":"<p>En respuesta inmediata a la contingencia provocada por el desbordamiento del r\u00edo Pantepec, el Sistema Estatal para el Desarrollo Integral de la Familia (SEDIF), en coordinaci\u00f3n con Protecci\u00f3n Civil Estatal y el Ej\u00e9rcito Mexicano mediante el Plan DN-III-E, realiz\u00f3 la entrega de apoyos alimentarios en comunidades del municipio de Francisco Z. Mena, correspondiente a la [&hellip;]<\/p>\n","protected":false},"author":4,"featured_media":64198,"comment_status":"open","ping_status":"open","sticky":false,"template":"","format":"standard","meta":{"om_disable_all_campaigns":false,"_monsterinsights_skip_tracking":false,"_monsterinsights_sitenote_active":false,"_monsterinsights_sitenote_note":"","_monsterinsights_sitenote_category":0,"footnotes":""},"categories":[175],"tags":[223],"class_list":["post-64197","post","type-post","status-publish","format-standard","has-post-thumbnail","hentry","category-local","tag-puebla"],"amp_enabled":true,"_links":{"self":[{"href":"https:\/\/lahora.mx\/index.php\/wp-json\/wp\/v2\/posts\/64197","targetHints":{"allow":["GET"]}}],"collection":[{"href":"https:\/\/lahora.mx\/index.php\/wp-json\/wp\/v2\/posts"}],"about":[{"href":"https:\/\/lahora.mx\/index.php\/wp-json\/wp\/v2\/types\/post"}],"author":[{"embeddable":true,"href":"https:\/\/lahora.mx\/index.php\/wp-json\/wp\/v2\/users\/4"}],"replies":[{"embeddable":true,"href":"https:\/\/lahora.mx\/index.php\/wp-json\/wp\/v2\/comments?post=64197"}],"version-history":[{"count":1,"href":"https:\/\/lahora.mx\/index.php\/wp-json\/wp\/v2\/posts\/64197\/revisions"}],"predecessor-version":[{"id":64199,"href":"https:\/\/lahora.mx\/index.php\/wp-json\/wp\/v2\/posts\/64197\/revisions\/64199"}],"wp:featuredmedia":[{"embeddable":true,"href":"https:\/\/lahora.mx\/index.php\/wp-json\/wp\/v2\/media\/64198"}],"wp:attachment":[{"href":"https:\/\/lahora.mx\/index.php\/wp-json\/wp\/v2\/media?parent=64197"}],"wp:term":[{"taxonomy":"category","embeddable":true,"href":"https:\/\/lahora.mx\/index.php\/wp-json\/wp\/v2\/categories?post=64197"},{"taxonomy":"post_tag","embeddable":true,"href":"https:\/\/lahora.mx\/index.php\/wp-json\/wp\/v2\/tags?post=64197"}],"curies":[{"name":"wp","href":"https:\/\/api.w.org\/{rel}","templated":true}]}}